{"id":9448,"date":"2018-02-23T12:10:32","date_gmt":"2018-02-23T11:10:32","guid":{"rendered":"http:\/\/agora.xtec.cat\/ceip-canpuig\/?p=9448"},"modified":"2018-02-23T12:10:32","modified_gmt":"2018-02-23T11:10:32","slug":"padrins-de-lectura-5e-2n","status":"publish","type":"post","link":"https:\/\/agora.xtec.cat\/ceip-canpuig\/primaria\/padrins-de-lectura-5e-2n\/","title":{"rendered":"PADRINS DE LECTURA 5\u00c8-2N"},"content":{"rendered":"<p>Aquest segon trimestre els alumnes de 5\u00e8 i 2n hem iniciat els padrins de lectura. En qu\u00e8 consisteix? Doncs en qu\u00e8 un alumne de 2n i un de 5\u00e8 comparteixen una estona de lectura en el lloc que m\u00e9s els agradi de l&#8217;escola. Curiosament, a la majoria els agrada llegir al pati, i la veritat \u00e9s que ho fan d&#8217;all\u00f2 m\u00e9s b\u00e9! <\/p>\n<p>Mireu, mireu&#8230;!<\/p>\n<p><iframe loading=\"lazy\" src=\"https:\/\/player.vimeo.com\/video\/257108804\" width=\"640\" height=\"480\" frameborder=\"0\" webkitallowfullscreen mozallowfullscreen allowfullscreen><\/iframe><\/p>\n<p><a href=\"https:\/\/vimeo.com\/257108804\">PADRINS DE LECTURA<\/a> from <a href=\"https:\/\/vimeo.com\/user78802151\">Escola Can Puig CI<\/a> on <a href=\"https:\/\/vimeo.com\">Vimeo<\/a>.<\/p>\n","protected":false},"excerpt":{"rendered":"<p>Aquest segon trimestre els alumnes de 5\u00e8 i 2n hem iniciat els padrins de lectura. En qu\u00e8 consisteix? Doncs en qu\u00e8 un alumne de 2n i un de 5\u00e8 comparteixen una estona de lectura en el lloc que m\u00e9s els agradi de l&#8217;escola. Curiosament, a&hellip;  <a href=\"https:\/\/agora.xtec.cat\/ceip-canpuig\/primaria\/padrins-de-lectura-5e-2n\/\" title=\"Read PADRINS DE LECTURA 5\u00c8-2N\">Llegeix m\u00e9s\u00bb<\/a><\/p>\n","protected":false},"author":1,"featured_media":9449,"comment_status":"closed","ping_status":"closed","sticky":false,"template":"","format":"standard","meta":{"_bbp_topic_count":0,"_bbp_reply_count":0,"_bbp_total_topic_count":0,"_bbp_total_reply_count":0,"_bbp_voice_count":0,"_bbp_anonymous_reply_count":0,"_bbp_topic_count_hidden":0,"_bbp_reply_count_hidden":0,"_bbp_forum_subforum_count":0,"footnotes":""},"categories":[11,14,104,5],"tags":[],"class_list":["post-9448","post","type-post","status-publish","format-standard","has-post-thumbnail","hentry","category-2n","category-5e","category-curs-2017-2018","category-primaria"],"post_mailing_queue_ids":[],"_links":{"self":[{"href":"https:\/\/agora.xtec.cat\/ceip-canpuig\/wp-json\/wp\/v2\/posts\/9448","targetHints":{"allow":["GET"]}}],"collection":[{"href":"https:\/\/agora.xtec.cat\/ceip-canpuig\/wp-json\/wp\/v2\/posts"}],"about":[{"href":"https:\/\/agora.xtec.cat\/ceip-canpuig\/wp-json\/wp\/v2\/types\/post"}],"author":[{"embeddable":true,"href":"https:\/\/agora.xtec.cat\/ceip-canpuig\/wp-json\/wp\/v2\/users\/1"}],"replies":[{"embeddable":true,"href":"https:\/\/agora.xtec.cat\/ceip-canpuig\/wp-json\/wp\/v2\/comments?post=9448"}],"version-history":[{"count":1,"href":"https:\/\/agora.xtec.cat\/ceip-canpuig\/wp-json\/wp\/v2\/posts\/9448\/revisions"}],"predecessor-version":[{"id":9450,"href":"https:\/\/agora.xtec.cat\/ceip-canpuig\/wp-json\/wp\/v2\/posts\/9448\/revisions\/9450"}],"wp:featuredmedia":[{"embeddable":true,"href":"https:\/\/agora.xtec.cat\/ceip-canpuig\/wp-json\/wp\/v2\/media\/9449"}],"wp:attachment":[{"href":"https:\/\/agora.xtec.cat\/ceip-canpuig\/wp-json\/wp\/v2\/media?parent=9448"}],"wp:term":[{"taxonomy":"category","embeddable":true,"href":"https:\/\/agora.xtec.cat\/ceip-canpuig\/wp-json\/wp\/v2\/categories?post=9448"},{"taxonomy":"post_tag","embeddable":true,"href":"https:\/\/agora.xtec.cat\/ceip-canpuig\/wp-json\/wp\/v2\/tags?post=9448"}],"curies":[{"name":"wp","href":"https:\/\/api.w.org\/{rel}","templated":true}]}}