{"id":9280,"date":"2017-12-19T17:22:01","date_gmt":"2017-12-19T16:22:01","guid":{"rendered":"http:\/\/agora.xtec.cat\/ceip-canpuig\/?p=9280"},"modified":"2017-12-19T17:23:40","modified_gmt":"2017-12-19T16:23:40","slug":"festa-de-nadal-a-can-puig","status":"publish","type":"post","link":"https:\/\/agora.xtec.cat\/ceip-canpuig\/general\/festa-de-nadal-a-can-puig\/","title":{"rendered":"FESTA DE NADAL A CAN PUIG"},"content":{"rendered":"<p>El passat diumenge 17 de desembre vam celebrar la festa de Nadal a l&#8217;escola.<\/p>\n<p>En primer lloc, els alumnes de cicle inicial, mitj\u00e0 i superior van cantar unes nadales i, posteriorment, els alumnes d&#8217;educaci\u00f3 infantil van fer una dansa molt divertida, a la qual tamb\u00e9 s&#8217;hi van poder afegir els pares i mares.<\/p>\n<p>M\u00e9s tard, es van poder visitar els pessebres i es van fer manualitats de Nadal. Ens ho vam passar d&#8217;all\u00f2 m\u00e9s b\u00e9! Voleu recordar-ho? Mireu el v\u00eddeo!<\/p>\n<p><iframe loading=\"lazy\" src=\"https:\/\/player.vimeo.com\/video\/248000188\" width=\"640\" height=\"480\" frameborder=\"0\" webkitallowfullscreen mozallowfullscreen allowfullscreen><\/iframe><\/p>\n<p><a href=\"https:\/\/vimeo.com\/248000188\">FESTA DE NADAL A CAN PUIG<\/a> from <a href=\"https:\/\/vimeo.com\/user59119768\">comissionovestecnologies<\/a> on <a href=\"https:\/\/vimeo.com\">Vimeo<\/a>.<\/p>\n","protected":false},"excerpt":{"rendered":"<p>El passat diumenge 17 de desembre vam celebrar la festa de Nadal a l&#8217;escola.<br \/>\nEn primer lloc, els alumnes de cicle inicial, mitj\u00e0 i superior van cantar unes nadales i, posteriorment, els alumnes d&#8217;educaci\u00f3 infantil van fer una dansa molt divertida, a la qual tamb\u00e9 s&#8217;hi&hellip;  <a href=\"https:\/\/agora.xtec.cat\/ceip-canpuig\/general\/festa-de-nadal-a-can-puig\/\" title=\"Read FESTA DE NADAL A CAN PUIG\">Llegeix m\u00e9s\u00bb<\/a><\/p>\n","protected":false},"author":1,"featured_media":9281,"comment_status":"closed","ping_status":"closed","sticky":false,"template":"","format":"standard","meta":{"_bbp_topic_count":0,"_bbp_reply_count":0,"_bbp_total_topic_count":0,"_bbp_total_reply_count":0,"_bbp_voice_count":0,"_bbp_anonymous_reply_count":0,"_bbp_topic_count_hidden":0,"_bbp_reply_count_hidden":0,"_bbp_forum_subforum_count":0,"footnotes":""},"categories":[104,1,4],"tags":[],"class_list":["post-9280","post","type-post","status-publish","format-standard","has-post-thumbnail","hentry","category-curs-2017-2018","category-general","category-portada"],"post_mailing_queue_ids":[],"_links":{"self":[{"href":"https:\/\/agora.xtec.cat\/ceip-canpuig\/wp-json\/wp\/v2\/posts\/9280","targetHints":{"allow":["GET"]}}],"collection":[{"href":"https:\/\/agora.xtec.cat\/ceip-canpuig\/wp-json\/wp\/v2\/posts"}],"about":[{"href":"https:\/\/agora.xtec.cat\/ceip-canpuig\/wp-json\/wp\/v2\/types\/post"}],"author":[{"embeddable":true,"href":"https:\/\/agora.xtec.cat\/ceip-canpuig\/wp-json\/wp\/v2\/users\/1"}],"replies":[{"embeddable":true,"href":"https:\/\/agora.xtec.cat\/ceip-canpuig\/wp-json\/wp\/v2\/comments?post=9280"}],"version-history":[{"count":2,"href":"https:\/\/agora.xtec.cat\/ceip-canpuig\/wp-json\/wp\/v2\/posts\/9280\/revisions"}],"predecessor-version":[{"id":9283,"href":"https:\/\/agora.xtec.cat\/ceip-canpuig\/wp-json\/wp\/v2\/posts\/9280\/revisions\/9283"}],"wp:featuredmedia":[{"embeddable":true,"href":"https:\/\/agora.xtec.cat\/ceip-canpuig\/wp-json\/wp\/v2\/media\/9281"}],"wp:attachment":[{"href":"https:\/\/agora.xtec.cat\/ceip-canpuig\/wp-json\/wp\/v2\/media?parent=9280"}],"wp:term":[{"taxonomy":"category","embeddable":true,"href":"https:\/\/agora.xtec.cat\/ceip-canpuig\/wp-json\/wp\/v2\/categories?post=9280"},{"taxonomy":"post_tag","embeddable":true,"href":"https:\/\/agora.xtec.cat\/ceip-canpuig\/wp-json\/wp\/v2\/tags?post=9280"}],"curies":[{"name":"wp","href":"https:\/\/api.w.org\/{rel}","templated":true}]}}