{"id":9232,"date":"2017-11-17T12:53:17","date_gmt":"2017-11-17T11:53:17","guid":{"rendered":"http:\/\/agora.xtec.cat\/ceip-canpuig\/?p=9232"},"modified":"2017-11-20T13:01:40","modified_gmt":"2017-11-20T12:01:40","slug":"sortida-al-bosc-de-can-puig","status":"publish","type":"post","link":"https:\/\/agora.xtec.cat\/ceip-canpuig\/primaria\/sortida-al-bosc-de-can-puig\/","title":{"rendered":"SORTIDA AL BOSC DE CAN PUIG"},"content":{"rendered":"<p>SORTIDA AL BOSC DE CAN PUIG<\/p>\n<p>El dijous 14 de Setembre els nens i nenes de tercer i quart vam anar al bosc de Can Puig per tal de jugar i poder-nos con\u00e8ixer millor.<br \/>\nVam fer molts jocs i ens ho vam passar d\u2019all\u00f2 m\u00e9s b\u00e9!!<\/p>\n<p><iframe loading=\"lazy\" src=\"https:\/\/player.vimeo.com\/video\/243285549\" width=\"640\" height=\"360\" frameborder=\"0\" webkitallowfullscreen mozallowfullscreen allowfullscreen><\/iframe><\/p>\n<p><a href=\"https:\/\/vimeo.com\/243285549\">Visita al bosc de Can Puig<\/a> from <a href=\"https:\/\/vimeo.com\/user59119768\">comissionovestecnologies<\/a> on <a href=\"https:\/\/vimeo.com\">Vimeo<\/a>.<\/p>\n","protected":false},"excerpt":{"rendered":"<p>SORTIDA AL BOSC DE CAN PUIG<br \/>\nEl dijous 14 de Setembre els nens i nenes de tercer i quart vam anar al bosc de Can Puig per tal de jugar i poder-nos con\u00e8ixer millor.<br \/>\nVam fer molts jocs i ens ho vam passar d\u2019all\u00f2 m\u00e9s b\u00e9!!<\/p>\n<p><a href=\"https:\/\/vimeo.com\/243285549\">Visita&hellip;  <a href=\"https:\/\/agora.xtec.cat\/ceip-canpuig\/primaria\/sortida-al-bosc-de-can-puig\/\" title=\"Read SORTIDA AL BOSC DE CAN PUIG\">Llegeix m\u00e9s\u00bb<\/a><\/p>\n","protected":false},"author":1,"featured_media":9233,"comment_status":"closed","ping_status":"closed","sticky":false,"template":"","format":"standard","meta":{"_bbp_topic_count":0,"_bbp_reply_count":0,"_bbp_total_topic_count":0,"_bbp_total_reply_count":0,"_bbp_voice_count":0,"_bbp_anonymous_reply_count":0,"_bbp_topic_count_hidden":0,"_bbp_reply_count_hidden":0,"_bbp_forum_subforum_count":0,"footnotes":""},"categories":[12,13,104,5],"tags":[],"class_list":["post-9232","post","type-post","status-publish","format-standard","has-post-thumbnail","hentry","category-3r","category-4t","category-curs-2017-2018","category-primaria"],"post_mailing_queue_ids":[],"_links":{"self":[{"href":"https:\/\/agora.xtec.cat\/ceip-canpuig\/wp-json\/wp\/v2\/posts\/9232","targetHints":{"allow":["GET"]}}],"collection":[{"href":"https:\/\/agora.xtec.cat\/ceip-canpuig\/wp-json\/wp\/v2\/posts"}],"about":[{"href":"https:\/\/agora.xtec.cat\/ceip-canpuig\/wp-json\/wp\/v2\/types\/post"}],"author":[{"embeddable":true,"href":"https:\/\/agora.xtec.cat\/ceip-canpuig\/wp-json\/wp\/v2\/users\/1"}],"replies":[{"embeddable":true,"href":"https:\/\/agora.xtec.cat\/ceip-canpuig\/wp-json\/wp\/v2\/comments?post=9232"}],"version-history":[{"count":2,"href":"https:\/\/agora.xtec.cat\/ceip-canpuig\/wp-json\/wp\/v2\/posts\/9232\/revisions"}],"predecessor-version":[{"id":9254,"href":"https:\/\/agora.xtec.cat\/ceip-canpuig\/wp-json\/wp\/v2\/posts\/9232\/revisions\/9254"}],"wp:featuredmedia":[{"embeddable":true,"href":"https:\/\/agora.xtec.cat\/ceip-canpuig\/wp-json\/wp\/v2\/media\/9233"}],"wp:attachment":[{"href":"https:\/\/agora.xtec.cat\/ceip-canpuig\/wp-json\/wp\/v2\/media?parent=9232"}],"wp:term":[{"taxonomy":"category","embeddable":true,"href":"https:\/\/agora.xtec.cat\/ceip-canpuig\/wp-json\/wp\/v2\/categories?post=9232"},{"taxonomy":"post_tag","embeddable":true,"href":"https:\/\/agora.xtec.cat\/ceip-canpuig\/wp-json\/wp\/v2\/tags?post=9232"}],"curies":[{"name":"wp","href":"https:\/\/api.w.org\/{rel}","templated":true}]}}