{"id":9212,"date":"2017-11-13T13:05:29","date_gmt":"2017-11-13T12:05:29","guid":{"rendered":"http:\/\/agora.xtec.cat\/ceip-canpuig\/?p=9212"},"modified":"2017-11-13T13:05:41","modified_gmt":"2017-11-13T12:05:41","slug":"les-gargoles-de-foc","status":"publish","type":"post","link":"https:\/\/agora.xtec.cat\/ceip-canpuig\/primaria\/les-gargoles-de-foc\/","title":{"rendered":"LES G\u00c0RGOLES DE FOC"},"content":{"rendered":"<p>El dia 16 d\u2019Octubre els nens i nenes de tercer vam anar al Monestir de Sant Esteve a con\u00e8ixer qu\u00e8 s\u00f3n les g\u00e0rgoles de foc. Ens van parlar de la colla Txiqui i de la colla de grans. Ens van ensenyar la banda de percussi\u00f3 i vam tocar el ritme de les g\u00e0rgoles. Tamb\u00e9 vam veure la indument\u00e0ria que porten i gaireb\u00e9 vam fer un correfoc de veritat.<br \/>\n<iframe loading=\"lazy\" src=\"https:\/\/player.vimeo.com\/video\/242557139\" width=\"640\" height=\"480\" frameborder=\"0\" webkitallowfullscreen mozallowfullscreen allowfullscreen><\/iframe><\/p>\n<p><a href=\"https:\/\/vimeo.com\/242557139\">G&Agrave;RGOLES.wmv<\/a> from <a href=\"https:\/\/vimeo.com\/user59119768\">comissionovestecnologies<\/a> on <a href=\"https:\/\/vimeo.com\">Vimeo<\/a>.<\/p>\n","protected":false},"excerpt":{"rendered":"<p>El dia 16 d\u2019Octubre els nens i nenes de tercer vam anar al Monestir de Sant Esteve a con\u00e8ixer qu\u00e8 s\u00f3n les g\u00e0rgoles de foc. Ens van parlar de la colla Txiqui i de la colla de grans. Ens van ensenyar la banda de percussi\u00f3&hellip;  <a href=\"https:\/\/agora.xtec.cat\/ceip-canpuig\/primaria\/les-gargoles-de-foc\/\" title=\"Read LES G\u00c0RGOLES DE FOC\">Llegeix m\u00e9s\u00bb<\/a><\/p>\n","protected":false},"author":1,"featured_media":9213,"comment_status":"closed","ping_status":"closed","sticky":false,"template":"","format":"standard","meta":{"_bbp_topic_count":0,"_bbp_reply_count":0,"_bbp_total_topic_count":0,"_bbp_total_reply_count":0,"_bbp_voice_count":0,"_bbp_anonymous_reply_count":0,"_bbp_topic_count_hidden":0,"_bbp_reply_count_hidden":0,"_bbp_forum_subforum_count":0,"footnotes":""},"categories":[12,104,5],"tags":[],"class_list":["post-9212","post","type-post","status-publish","format-standard","has-post-thumbnail","hentry","category-3r","category-curs-2017-2018","category-primaria"],"post_mailing_queue_ids":[],"_links":{"self":[{"href":"https:\/\/agora.xtec.cat\/ceip-canpuig\/wp-json\/wp\/v2\/posts\/9212","targetHints":{"allow":["GET"]}}],"collection":[{"href":"https:\/\/agora.xtec.cat\/ceip-canpuig\/wp-json\/wp\/v2\/posts"}],"about":[{"href":"https:\/\/agora.xtec.cat\/ceip-canpuig\/wp-json\/wp\/v2\/types\/post"}],"author":[{"embeddable":true,"href":"https:\/\/agora.xtec.cat\/ceip-canpuig\/wp-json\/wp\/v2\/users\/1"}],"replies":[{"embeddable":true,"href":"https:\/\/agora.xtec.cat\/ceip-canpuig\/wp-json\/wp\/v2\/comments?post=9212"}],"version-history":[{"count":1,"href":"https:\/\/agora.xtec.cat\/ceip-canpuig\/wp-json\/wp\/v2\/posts\/9212\/revisions"}],"predecessor-version":[{"id":9214,"href":"https:\/\/agora.xtec.cat\/ceip-canpuig\/wp-json\/wp\/v2\/posts\/9212\/revisions\/9214"}],"wp:featuredmedia":[{"embeddable":true,"href":"https:\/\/agora.xtec.cat\/ceip-canpuig\/wp-json\/wp\/v2\/media\/9213"}],"wp:attachment":[{"href":"https:\/\/agora.xtec.cat\/ceip-canpuig\/wp-json\/wp\/v2\/media?parent=9212"}],"wp:term":[{"taxonomy":"category","embeddable":true,"href":"https:\/\/agora.xtec.cat\/ceip-canpuig\/wp-json\/wp\/v2\/categories?post=9212"},{"taxonomy":"post_tag","embeddable":true,"href":"https:\/\/agora.xtec.cat\/ceip-canpuig\/wp-json\/wp\/v2\/tags?post=9212"}],"curies":[{"name":"wp","href":"https:\/\/api.w.org\/{rel}","templated":true}]}}