{"id":9209,"date":"2017-11-10T13:14:22","date_gmt":"2017-11-10T12:14:22","guid":{"rendered":"http:\/\/agora.xtec.cat\/ceip-canpuig\/?p=9209"},"modified":"2017-11-10T13:14:22","modified_gmt":"2017-11-10T12:14:22","slug":"programa-de-la-festa-major-2017","status":"publish","type":"post","link":"https:\/\/agora.xtec.cat\/ceip-canpuig\/primaria\/programa-de-la-festa-major-2017\/","title":{"rendered":"PROGRAMA DE LA FESTA MAJOR 2017"},"content":{"rendered":"<p>Els nens i nenes de tercer vam rebre una carta del dragonet en Morgat (que \u00e9s una g\u00e0rgola), dient-nos que enguany a la cercavila de la Festa Major sortirien els 6 dragonets nous, la Ruduleta, en Seny, la Jana, la Rauxa, en Mer i ell.<br \/>\nTamb\u00e9 ens demanava que f\u00e9ssim difusi\u00f3 tant de la cercavila com d\u2019altres activitats de la Festa Major per a nens i nenes.<br \/>\nAix\u00ed que vam fer cartells amb el programa de les activitats infantils m\u00e9s divertides de la Festa Major i els vam penjar per  tota l\u2019escola.<br \/>\nMireu, mireu&#8230; com ens van quedar!!<br \/>\n<iframe loading=\"lazy\" src=\"https:\/\/player.vimeo.com\/video\/242209501\" width=\"640\" height=\"480\" frameborder=\"0\" webkitallowfullscreen mozallowfullscreen allowfullscreen><\/iframe><\/p>\n<p><a href=\"https:\/\/vimeo.com\/242209501\">PROGRAMA FESTA MAJOR<\/a> from <a href=\"https:\/\/vimeo.com\/user59119768\">comissionovestecnologies<\/a> on <a href=\"https:\/\/vimeo.com\">Vimeo<\/a>.<\/p>\n","protected":false},"excerpt":{"rendered":"<p>Els nens i nenes de tercer vam rebre una carta del dragonet en Morgat (que \u00e9s una g\u00e0rgola), dient-nos que enguany a la cercavila de la Festa Major sortirien els 6 dragonets nous, la Ruduleta, en Seny, la Jana, la Rauxa, en Mer i ell.<br \/>\nTamb\u00e9&hellip;  <a href=\"https:\/\/agora.xtec.cat\/ceip-canpuig\/primaria\/programa-de-la-festa-major-2017\/\" title=\"Read PROGRAMA DE LA FESTA MAJOR 2017\">Llegeix m\u00e9s\u00bb<\/a><\/p>\n","protected":false},"author":1,"featured_media":9210,"comment_status":"closed","ping_status":"closed","sticky":false,"template":"","format":"standard","meta":{"_bbp_topic_count":0,"_bbp_reply_count":0,"_bbp_total_topic_count":0,"_bbp_total_reply_count":0,"_bbp_voice_count":0,"_bbp_anonymous_reply_count":0,"_bbp_topic_count_hidden":0,"_bbp_reply_count_hidden":0,"_bbp_forum_subforum_count":0,"footnotes":""},"categories":[12,104,5],"tags":[],"class_list":["post-9209","post","type-post","status-publish","format-standard","has-post-thumbnail","hentry","category-3r","category-curs-2017-2018","category-primaria"],"post_mailing_queue_ids":[],"_links":{"self":[{"href":"https:\/\/agora.xtec.cat\/ceip-canpuig\/wp-json\/wp\/v2\/posts\/9209","targetHints":{"allow":["GET"]}}],"collection":[{"href":"https:\/\/agora.xtec.cat\/ceip-canpuig\/wp-json\/wp\/v2\/posts"}],"about":[{"href":"https:\/\/agora.xtec.cat\/ceip-canpuig\/wp-json\/wp\/v2\/types\/post"}],"author":[{"embeddable":true,"href":"https:\/\/agora.xtec.cat\/ceip-canpuig\/wp-json\/wp\/v2\/users\/1"}],"replies":[{"embeddable":true,"href":"https:\/\/agora.xtec.cat\/ceip-canpuig\/wp-json\/wp\/v2\/comments?post=9209"}],"version-history":[{"count":1,"href":"https:\/\/agora.xtec.cat\/ceip-canpuig\/wp-json\/wp\/v2\/posts\/9209\/revisions"}],"predecessor-version":[{"id":9211,"href":"https:\/\/agora.xtec.cat\/ceip-canpuig\/wp-json\/wp\/v2\/posts\/9209\/revisions\/9211"}],"wp:featuredmedia":[{"embeddable":true,"href":"https:\/\/agora.xtec.cat\/ceip-canpuig\/wp-json\/wp\/v2\/media\/9210"}],"wp:attachment":[{"href":"https:\/\/agora.xtec.cat\/ceip-canpuig\/wp-json\/wp\/v2\/media?parent=9209"}],"wp:term":[{"taxonomy":"category","embeddable":true,"href":"https:\/\/agora.xtec.cat\/ceip-canpuig\/wp-json\/wp\/v2\/categories?post=9209"},{"taxonomy":"post_tag","embeddable":true,"href":"https:\/\/agora.xtec.cat\/ceip-canpuig\/wp-json\/wp\/v2\/tags?post=9209"}],"curies":[{"name":"wp","href":"https:\/\/api.w.org\/{rel}","templated":true}]}}