{"id":9177,"date":"2017-10-30T09:19:35","date_gmt":"2017-10-30T08:19:35","guid":{"rendered":"http:\/\/agora.xtec.cat\/ceip-canpuig\/?p=9177"},"modified":"2017-10-30T09:19:35","modified_gmt":"2017-10-30T08:19:35","slug":"anem-al-puig-de-sant-martiria","status":"publish","type":"post","link":"https:\/\/agora.xtec.cat\/ceip-canpuig\/primaria\/anem-al-puig-de-sant-martiria\/","title":{"rendered":"Anem al Puig de Sant Martiri\u00e0"},"content":{"rendered":"<p>Els alumnes de 2n, el dimarts passat, vam anar al Puig de Sant Martiri\u00e0 a peu. Vam explicar la hist\u00f2ria del Puig de Sant Martiri\u00e0 i vam aprendre un munt de coses. Sab\u00edeu que Sant Martiri\u00e0 era un monjo de Flor\u00e8ncia? Sab\u00edeu que va venir a Banyoles perqu\u00e8 va demanar ser enterrat en una font que mai par\u00e9s de rajar?<br \/>\nDespr\u00e9s d&#8217;explicar la hist\u00f2ria i observar l&#8217;ermita, vam esmorzar i vam jugar al Puig.<br \/>\nEns ho vam passar molt b\u00e9!<\/p>\n<p><iframe loading=\"lazy\" src=\"https:\/\/player.vimeo.com\/video\/240448446\" width=\"640\" height=\"360\" frameborder=\"0\" webkitallowfullscreen mozallowfullscreen allowfullscreen><\/iframe><\/p>\n<p><a href=\"https:\/\/vimeo.com\/240448446\">PUIG SANT MARTIRI&Agrave;<\/a> from <a href=\"https:\/\/vimeo.com\/user59119768\">comissionovestecnologies<\/a> on <a href=\"https:\/\/vimeo.com\">Vimeo<\/a>.<\/p>\n","protected":false},"excerpt":{"rendered":"<p>Els alumnes de 2n, el dimarts passat, vam anar al Puig de Sant Martiri\u00e0 a peu. Vam explicar la hist\u00f2ria del Puig de Sant Martiri\u00e0 i vam aprendre un munt de coses. Sab\u00edeu que Sant Martiri\u00e0 era un monjo de Flor\u00e8ncia? Sab\u00edeu que va venir&hellip;  <a href=\"https:\/\/agora.xtec.cat\/ceip-canpuig\/primaria\/anem-al-puig-de-sant-martiria\/\" title=\"Read Anem al Puig de Sant Martiri\u00e0\">Llegeix m\u00e9s\u00bb<\/a><\/p>\n","protected":false},"author":1,"featured_media":9178,"comment_status":"closed","ping_status":"closed","sticky":false,"template":"","format":"standard","meta":{"_bbp_topic_count":0,"_bbp_reply_count":0,"_bbp_total_topic_count":0,"_bbp_total_reply_count":0,"_bbp_voice_count":0,"_bbp_anonymous_reply_count":0,"_bbp_topic_count_hidden":0,"_bbp_reply_count_hidden":0,"_bbp_forum_subforum_count":0,"footnotes":""},"categories":[11,104,5],"tags":[],"class_list":["post-9177","post","type-post","status-publish","format-standard","has-post-thumbnail","hentry","category-2n","category-curs-2017-2018","category-primaria"],"post_mailing_queue_ids":[],"_links":{"self":[{"href":"https:\/\/agora.xtec.cat\/ceip-canpuig\/wp-json\/wp\/v2\/posts\/9177","targetHints":{"allow":["GET"]}}],"collection":[{"href":"https:\/\/agora.xtec.cat\/ceip-canpuig\/wp-json\/wp\/v2\/posts"}],"about":[{"href":"https:\/\/agora.xtec.cat\/ceip-canpuig\/wp-json\/wp\/v2\/types\/post"}],"author":[{"embeddable":true,"href":"https:\/\/agora.xtec.cat\/ceip-canpuig\/wp-json\/wp\/v2\/users\/1"}],"replies":[{"embeddable":true,"href":"https:\/\/agora.xtec.cat\/ceip-canpuig\/wp-json\/wp\/v2\/comments?post=9177"}],"version-history":[{"count":1,"href":"https:\/\/agora.xtec.cat\/ceip-canpuig\/wp-json\/wp\/v2\/posts\/9177\/revisions"}],"predecessor-version":[{"id":9179,"href":"https:\/\/agora.xtec.cat\/ceip-canpuig\/wp-json\/wp\/v2\/posts\/9177\/revisions\/9179"}],"wp:featuredmedia":[{"embeddable":true,"href":"https:\/\/agora.xtec.cat\/ceip-canpuig\/wp-json\/wp\/v2\/media\/9178"}],"wp:attachment":[{"href":"https:\/\/agora.xtec.cat\/ceip-canpuig\/wp-json\/wp\/v2\/media?parent=9177"}],"wp:term":[{"taxonomy":"category","embeddable":true,"href":"https:\/\/agora.xtec.cat\/ceip-canpuig\/wp-json\/wp\/v2\/categories?post=9177"},{"taxonomy":"post_tag","embeddable":true,"href":"https:\/\/agora.xtec.cat\/ceip-canpuig\/wp-json\/wp\/v2\/tags?post=9177"}],"curies":[{"name":"wp","href":"https:\/\/api.w.org\/{rel}","templated":true}]}}