{"id":9131,"date":"2017-09-22T17:29:13","date_gmt":"2017-09-22T15:29:13","guid":{"rendered":"http:\/\/agora.xtec.cat\/ceip-canpuig\/?p=9131"},"modified":"2017-09-23T13:15:51","modified_gmt":"2017-09-23T11:15:51","slug":"manifest-escola-can-puig","status":"publish","type":"post","link":"https:\/\/agora.xtec.cat\/ceip-canpuig\/general\/manifest-escola-can-puig\/","title":{"rendered":"MANIFEST ESCOLA CAN PUIG"},"content":{"rendered":"<p>En el Projecte Educatiu de l\u2019Escola Can Puig, ens afirmem en la defensa dels valors democr\u00e0tics i apostem pel respecte al pluralisme ideol\u00f2gic, pol\u00edtic, religi\u00f3s, cultural i filos\u00f2fic.<\/p>\n<p>Tamb\u00e9 ens comprometem a fomentar entre els nostres infants i en tota la comunitat educativa els valors de\u00a0<b>la confian\u00e7a<\/b>\u00a0en el proc\u00e9s educatiu com a eina transformadora,\u00a0<b>el comprom\u00eds<\/b>\u00a0cap a una societat responsable i tolerant,\u00a0<b>la comunicaci\u00f3<\/b>\u00a0com a eina principal per establir di\u00e0leg i esperit cr\u00edtic,\u00a0<b>la proactivitat\u00a0<\/b>per tal d\u2019implicar-nos al m\u00e0xim i l<b>\u2019ecologia\u00a0<\/b>per aconseguir el benestar de tot el sistema.<\/p>\n<p>I tenim un ferm comprom\u00eds amb la llengua i la cultura catalana i amb l\u2019avenir del nostre pa\u00eds.<\/p>\n<p>Aquest comprom\u00eds ens du com a centre docent a reprovar totes les actituds contr\u00e0ries a aquests valors i a donar suport a aquells actes o manifestacions a favor de les llibertats i els drets dels ciutadans del nostre pa\u00eds.<\/p>\n","protected":false},"excerpt":{"rendered":"<p>En el Projecte Educatiu de l\u2019Escola Can Puig, ens afirmem en la defensa dels valors democr\u00e0tics i apostem pel respecte al pluralisme ideol\u00f2gic, pol\u00edtic, religi\u00f3s, cultural i filos\u00f2fic.<br \/>\nTamb\u00e9 ens comprometem a fomentar entre els nostres infants i en tota la comunitat educativa els valors de\u00a0la&hellip;  <a href=\"https:\/\/agora.xtec.cat\/ceip-canpuig\/general\/manifest-escola-can-puig\/\" title=\"Read MANIFEST ESCOLA CAN PUIG\">Llegeix m\u00e9s\u00bb<\/a><\/p>\n","protected":false},"author":1,"featured_media":0,"comment_status":"closed","ping_status":"closed","sticky":false,"template":"","format":"standard","meta":{"_bbp_topic_count":0,"_bbp_reply_count":0,"_bbp_total_topic_count":0,"_bbp_total_reply_count":0,"_bbp_voice_count":0,"_bbp_anonymous_reply_count":0,"_bbp_topic_count_hidden":0,"_bbp_reply_count_hidden":0,"_bbp_forum_subforum_count":0,"footnotes":""},"categories":[104,1,4],"tags":[],"class_list":["post-9131","post","type-post","status-publish","format-standard","hentry","category-curs-2017-2018","category-general","category-portada"],"post_mailing_queue_ids":[],"_links":{"self":[{"href":"https:\/\/agora.xtec.cat\/ceip-canpuig\/wp-json\/wp\/v2\/posts\/9131","targetHints":{"allow":["GET"]}}],"collection":[{"href":"https:\/\/agora.xtec.cat\/ceip-canpuig\/wp-json\/wp\/v2\/posts"}],"about":[{"href":"https:\/\/agora.xtec.cat\/ceip-canpuig\/wp-json\/wp\/v2\/types\/post"}],"author":[{"embeddable":true,"href":"https:\/\/agora.xtec.cat\/ceip-canpuig\/wp-json\/wp\/v2\/users\/1"}],"replies":[{"embeddable":true,"href":"https:\/\/agora.xtec.cat\/ceip-canpuig\/wp-json\/wp\/v2\/comments?post=9131"}],"version-history":[{"count":1,"href":"https:\/\/agora.xtec.cat\/ceip-canpuig\/wp-json\/wp\/v2\/posts\/9131\/revisions"}],"predecessor-version":[{"id":9132,"href":"https:\/\/agora.xtec.cat\/ceip-canpuig\/wp-json\/wp\/v2\/posts\/9131\/revisions\/9132"}],"wp:attachment":[{"href":"https:\/\/agora.xtec.cat\/ceip-canpuig\/wp-json\/wp\/v2\/media?parent=9131"}],"wp:term":[{"taxonomy":"category","embeddable":true,"href":"https:\/\/agora.xtec.cat\/ceip-canpuig\/wp-json\/wp\/v2\/categories?post=9131"},{"taxonomy":"post_tag","embeddable":true,"href":"https:\/\/agora.xtec.cat\/ceip-canpuig\/wp-json\/wp\/v2\/tags?post=9131"}],"curies":[{"name":"wp","href":"https:\/\/api.w.org\/{rel}","templated":true}]}}