{"id":14843,"date":"2026-04-08T11:26:45","date_gmt":"2026-04-08T09:26:45","guid":{"rendered":"https:\/\/agora.xtec.cat\/ceip-canpuig\/?p=14843"},"modified":"2026-04-08T11:26:45","modified_gmt":"2026-04-08T09:26:45","slug":"commemorem-el-dia-internacional-de-les-odnes-i-les-nenes-en-la-ciencia","status":"publish","type":"post","link":"https:\/\/agora.xtec.cat\/ceip-canpuig\/portada\/commemorem-el-dia-internacional-de-les-odnes-i-les-nenes-en-la-ciencia\/","title":{"rendered":"COMMEMOREM EL DIA INTERNACIONAL DE LES ODNES I LES NENES EN LA CI\u00c8NCIA"},"content":{"rendered":"<p>L&#8217;alumnat de Prim\u00e0ria ha participat en l&#8217;activitat Ambaixadora-STEM de la UAB, una iniciativa impulsada per les Facultats de Ci\u00e8ncies i Bioci\u00e8ncies per l&#8217;Escola d&#8217;Enginyeria de la UAB, amb la col\u00b7laboraci\u00f3 de l&#8217;ICE de la UAB.<\/p>\n<p>Aquesta iniciativa vol visibilitzar les dones fent ci\u00e8ncia i mostrar experi\u00e8ncies d&#8217;\u00e8xit fent ci\u00e8ncies.\u00a0\u00c9s per aquest motiu que hem tingut a l&#8217;escola a l&#8217;Aina \u00c0vila, antiga alumna de Can Puig, per explicar-nos qu\u00e8 \u00e9s el programa STEM i qu\u00e8 vol dir ser cient\u00edfica.<\/p>\n<p>Una bona proposta per commemorar el Dia Internacional de les Dones i les Nenes en la Ci\u00e8ncia.<\/p>\n\r\n\t<div class=\"slideshow_container slideshow_container_style-light\" style=\" \" data-slideshow-id=\"14838\" data-style-name=\"style-light\" data-style-version=\"2.3.1\" >\r\n\r\n\t\t\t\t\t<div class=\"slideshow_loading_icon\"><\/div>\r\n\t\t\r\n\t\t<div class=\"slideshow_content\" style=\"display: none;\">\r\n\r\n\t\t\t<div class=\"slideshow_view\">\r\n\t\t\t\t<div class=\"slideshow_slide slideshow_slide_image\">\r\n\t\t\t\t\t\t\t\t\t\t\t<img src=\"https:\/\/agora.xtec.cat\/ceip-canpuig\/wp-content\/uploads\/usu1039\/2026\/04\/PHOTO-2026-03-18-11-34-43.jpg\" alt=\"PHOTO-2026-03-18-11-34-43\" width=\"1600\" height=\"1200\" \/>\r\n\t\t\t\t\t\t\t\t\t\t<div class=\"slideshow_description_box slideshow_transparent\">\r\n\t\t\t\t\t\t\t\t\t\t\t\t\t\t\t\t\t<\/div>\r\n\t\t\t\t<\/div>\r\n\r\n\t\t\t\t\t\t<div style=\"clear: both;\"><\/div><\/div><div class=\"slideshow_view\">\r\n\t\t\t\t<div class=\"slideshow_slide slideshow_slide_image\">\r\n\t\t\t\t\t\t\t\t\t\t\t<img src=\"https:\/\/agora.xtec.cat\/ceip-canpuig\/wp-content\/uploads\/usu1039\/2026\/04\/PHOTO-2026-03-18-11-34-42.jpg\" alt=\"PHOTO-2026-03-18-11-34-42\" width=\"1599\" height=\"1200\" \/>\r\n\t\t\t\t\t\t\t\t\t\t<div class=\"slideshow_description_box slideshow_transparent\">\r\n\t\t\t\t\t\t\t\t\t\t\t\t\t\t\t\t\t<\/div>\r\n\t\t\t\t<\/div>\r\n\r\n\t\t\t\t\t\t<div style=\"clear: both;\"><\/div><\/div><div class=\"slideshow_view\">\r\n\t\t\t\t<div class=\"slideshow_slide slideshow_slide_image\">\r\n\t\t\t\t\t\t\t\t\t\t\t<img src=\"https:\/\/agora.xtec.cat\/ceip-canpuig\/wp-content\/uploads\/usu1039\/2026\/04\/PHOTO-2026-03-18-11-34-43-1.jpg\" alt=\"PHOTO-2026-03-18-11-34-43 (1)\" width=\"1599\" height=\"1200\" \/>\r\n\t\t\t\t\t\t\t\t\t\t<div class=\"slideshow_description_box slideshow_transparent\">\r\n\t\t\t\t\t\t\t\t\t\t\t\t\t\t\t\t\t<\/div>\r\n\t\t\t\t<\/div>\r\n\r\n\t\t\t\t\t\t<div style=\"clear: both;\"><\/div><\/div><div class=\"slideshow_view\">\r\n\t\t\t\t<div class=\"slideshow_slide slideshow_slide_image\">\r\n\t\t\t\t\t\t\t\t\t\t\t<img src=\"https:\/\/agora.xtec.cat\/ceip-canpuig\/wp-content\/uploads\/usu1039\/2026\/04\/PHOTO-2026-03-18-11-34-43-2.jpg\" alt=\"PHOTO-2026-03-18-11-34-43 (2)\" width=\"1600\" height=\"1200\" \/>\r\n\t\t\t\t\t\t\t\t\t\t<div class=\"slideshow_description_box slideshow_transparent\">\r\n\t\t\t\t\t\t\t\t\t\t\t\t\t\t\t\t\t<\/div>\r\n\t\t\t\t<\/div>\r\n\r\n\t\t\t\t\t\t<div style=\"clear: both;\"><\/div><\/div>\r\n\t\t<\/div>\r\n\r\n\t\t<div class=\"slideshow_controlPanel slideshow_transparent\" style=\"display: none;\"><ul><li class=\"slideshow_togglePlay\" data-play-text=\"Visualitza\" data-pause-text=\"Pausa\"><\/li><\/ul><\/div>\r\n\r\n\t\t<div class=\"slideshow_button slideshow_previous slideshow_transparent\" role=\"button\" data-previous-text=\"Anterior\" style=\"display: none;\"><\/div>\r\n\t\t<div class=\"slideshow_button slideshow_next slideshow_transparent\" role=\"button\" data-next-text=\"Seg\u00fcent\" style=\"display: none;\"><\/div>\r\n\r\n\t\t<div class=\"slideshow_pagination\" style=\"display: none;\" data-go-to-text=\"V\u00e9s a la diapositiva\"><div class=\"slideshow_pagination_center\"><\/div><\/div>\r\n\r\n\t\t<!-- WordPress Slideshow Version 2.3.1 -->\r\n\r\n\t\t\t<\/div>\r\n\r\n\n","protected":false},"excerpt":{"rendered":"<p>L&#8217;alumnat de Prim\u00e0ria ha participat en l&#8217;activitat Ambaixadora-STEM de la UAB, una iniciativa impulsada per les Facultats de Ci\u00e8ncies i Bioci\u00e8ncies per l&#8217;Escola d&#8217;Enginyeria de la UAB, amb la col\u00b7laboraci\u00f3 de l&#8217;ICE de la UAB.<br \/>\nAquesta iniciativa vol visibilitzar les dones fent ci\u00e8ncia i mostrar experi\u00e8ncies&hellip;  <a href=\"https:\/\/agora.xtec.cat\/ceip-canpuig\/portada\/commemorem-el-dia-internacional-de-les-odnes-i-les-nenes-en-la-ciencia\/\" title=\"Read COMMEMOREM EL DIA INTERNACIONAL DE LES ODNES I LES NENES EN LA CI\u00c8NCIA\">Llegeix m\u00e9s\u00bb<\/a><\/p>\n","protected":false},"author":1,"featured_media":14842,"comment_status":"closed","ping_status":"closed","sticky":false,"template":"","format":"standard","meta":{"_bbp_topic_count":0,"_bbp_reply_count":0,"_bbp_total_topic_count":0,"_bbp_total_reply_count":0,"_bbp_voice_count":0,"_bbp_anonymous_reply_count":0,"_bbp_topic_count_hidden":0,"_bbp_reply_count_hidden":0,"_bbp_forum_subforum_count":0,"footnotes":""},"categories":[145,4,5],"tags":[],"class_list":["post-14843","post","type-post","status-publish","format-standard","has-post-thumbnail","hentry","category-curs-2025-2026","category-portada","category-primaria"],"post_mailing_queue_ids":[],"_links":{"self":[{"href":"https:\/\/agora.xtec.cat\/ceip-canpuig\/wp-json\/wp\/v2\/posts\/14843","targetHints":{"allow":["GET"]}}],"collection":[{"href":"https:\/\/agora.xtec.cat\/ceip-canpuig\/wp-json\/wp\/v2\/posts"}],"about":[{"href":"https:\/\/agora.xtec.cat\/ceip-canpuig\/wp-json\/wp\/v2\/types\/post"}],"author":[{"embeddable":true,"href":"https:\/\/agora.xtec.cat\/ceip-canpuig\/wp-json\/wp\/v2\/users\/1"}],"replies":[{"embeddable":true,"href":"https:\/\/agora.xtec.cat\/ceip-canpuig\/wp-json\/wp\/v2\/comments?post=14843"}],"version-history":[{"count":1,"href":"https:\/\/agora.xtec.cat\/ceip-canpuig\/wp-json\/wp\/v2\/posts\/14843\/revisions"}],"predecessor-version":[{"id":14844,"href":"https:\/\/agora.xtec.cat\/ceip-canpuig\/wp-json\/wp\/v2\/posts\/14843\/revisions\/14844"}],"wp:featuredmedia":[{"embeddable":true,"href":"https:\/\/agora.xtec.cat\/ceip-canpuig\/wp-json\/wp\/v2\/media\/14842"}],"wp:attachment":[{"href":"https:\/\/agora.xtec.cat\/ceip-canpuig\/wp-json\/wp\/v2\/media?parent=14843"}],"wp:term":[{"taxonomy":"category","embeddable":true,"href":"https:\/\/agora.xtec.cat\/ceip-canpuig\/wp-json\/wp\/v2\/categories?post=14843"},{"taxonomy":"post_tag","embeddable":true,"href":"https:\/\/agora.xtec.cat\/ceip-canpuig\/wp-json\/wp\/v2\/tags?post=14843"}],"curies":[{"name":"wp","href":"https:\/\/api.w.org\/{rel}","templated":true}]}}