{"id":14664,"date":"2026-02-11T11:06:18","date_gmt":"2026-02-11T10:06:18","guid":{"rendered":"https:\/\/agora.xtec.cat\/ceip-canpuig\/?p=14664"},"modified":"2026-03-04T08:55:42","modified_gmt":"2026-03-04T07:55:42","slug":"portes-obertes-preinscripcio-curs-2026-2027","status":"publish","type":"post","link":"https:\/\/agora.xtec.cat\/ceip-canpuig\/general\/portes-obertes-preinscripcio-curs-2026-2027\/","title":{"rendered":"PORTES OBERTES &#8211; PREINSCRIPCI\u00d3 CURS 2026 &#8211; 2027"},"content":{"rendered":"<p>Us informem que en el blog d&#8217;<a href=\"https:\/\/educacio.banyoles.cat\/ca\/preinscripcio-a-educacio-infantil-primaria-i-.html\">Educaci\u00f3 de l&#8217;Ajuntament de Banyoles<\/a> hi trobareu tota la informaci\u00f3 relacionada amb la preinscripci\u00f3 pel curs 2026 &#8211; 2027.<\/p>\n<p>El per\u00edode de preinscripci\u00f3 \u00e9s del <strong>4 al 18 de mar\u00e7<\/strong>.<\/p>\n<p>La jornada de Portes Obertes de la nostra escola ser\u00e0 el <strong>divendres 27 de febrer de 2026 a les 17h<\/strong>. Us hi esperem!<\/p>\n<p><img loading=\"lazy\" decoding=\"async\" class=\"alignnone size-large wp-image-14666\" src=\"https:\/\/agora.xtec.cat\/ceip-canpuig\/wp-content\/uploads\/usu1039\/2026\/02\/Jornada-Portes-Obertes-2026-1-1024x724.png\" alt=\"\" width=\"1024\" height=\"724\" srcset=\"https:\/\/agora.xtec.cat\/ceip-canpuig\/wp-content\/uploads\/usu1039\/2026\/02\/Jornada-Portes-Obertes-2026-1-1024x724.png 1024w, https:\/\/agora.xtec.cat\/ceip-canpuig\/wp-content\/uploads\/usu1039\/2026\/02\/Jornada-Portes-Obertes-2026-1-300x212.png 300w, https:\/\/agora.xtec.cat\/ceip-canpuig\/wp-content\/uploads\/usu1039\/2026\/02\/Jornada-Portes-Obertes-2026-1-768x543.png 768w, https:\/\/agora.xtec.cat\/ceip-canpuig\/wp-content\/uploads\/usu1039\/2026\/02\/Jornada-Portes-Obertes-2026-1-1536x1086.png 1536w, https:\/\/agora.xtec.cat\/ceip-canpuig\/wp-content\/uploads\/usu1039\/2026\/02\/Jornada-Portes-Obertes-2026-1.png 2000w\" sizes=\"auto, (max-width: 1024px) 100vw, 1024px\" \/><\/p>\n","protected":false},"excerpt":{"rendered":"<p>Us informem que en el blog d&#8217;<a href=\"https:\/\/educacio.banyoles.cat\/ca\/preinscripcio-a-educacio-infantil-primaria-i-.html\">Educaci\u00f3 de l&#8217;Ajuntament de Banyoles<\/a> hi trobareu tota la informaci\u00f3 relacionada amb la preinscripci\u00f3 pel curs 2026 &#8211; 2027.<br \/>\nEl per\u00edode de preinscripci\u00f3 \u00e9s del 4 al 18 de mar\u00e7.<br \/>\nLa jornada de Portes Obertes de la nostra escola ser\u00e0&hellip;  <a href=\"https:\/\/agora.xtec.cat\/ceip-canpuig\/general\/portes-obertes-preinscripcio-curs-2026-2027\/\" title=\"Read PORTES OBERTES &#8211; PREINSCRIPCI\u00d3 CURS 2026 &#8211; 2027\">Llegeix m\u00e9s\u00bb<\/a><\/p>\n","protected":false},"author":1,"featured_media":0,"comment_status":"closed","ping_status":"closed","sticky":false,"template":"","format":"standard","meta":{"_bbp_topic_count":0,"_bbp_reply_count":0,"_bbp_total_topic_count":0,"_bbp_total_reply_count":0,"_bbp_voice_count":0,"_bbp_anonymous_reply_count":0,"_bbp_topic_count_hidden":0,"_bbp_reply_count_hidden":0,"_bbp_forum_subforum_count":0,"footnotes":""},"categories":[1,96,4],"tags":[],"class_list":["post-14664","post","type-post","status-publish","format-standard","hentry","category-general","category-novetats","category-portada"],"post_mailing_queue_ids":[],"_links":{"self":[{"href":"https:\/\/agora.xtec.cat\/ceip-canpuig\/wp-json\/wp\/v2\/posts\/14664","targetHints":{"allow":["GET"]}}],"collection":[{"href":"https:\/\/agora.xtec.cat\/ceip-canpuig\/wp-json\/wp\/v2\/posts"}],"about":[{"href":"https:\/\/agora.xtec.cat\/ceip-canpuig\/wp-json\/wp\/v2\/types\/post"}],"author":[{"embeddable":true,"href":"https:\/\/agora.xtec.cat\/ceip-canpuig\/wp-json\/wp\/v2\/users\/1"}],"replies":[{"embeddable":true,"href":"https:\/\/agora.xtec.cat\/ceip-canpuig\/wp-json\/wp\/v2\/comments?post=14664"}],"version-history":[{"count":5,"href":"https:\/\/agora.xtec.cat\/ceip-canpuig\/wp-json\/wp\/v2\/posts\/14664\/revisions"}],"predecessor-version":[{"id":14685,"href":"https:\/\/agora.xtec.cat\/ceip-canpuig\/wp-json\/wp\/v2\/posts\/14664\/revisions\/14685"}],"wp:attachment":[{"href":"https:\/\/agora.xtec.cat\/ceip-canpuig\/wp-json\/wp\/v2\/media?parent=14664"}],"wp:term":[{"taxonomy":"category","embeddable":true,"href":"https:\/\/agora.xtec.cat\/ceip-canpuig\/wp-json\/wp\/v2\/categories?post=14664"},{"taxonomy":"post_tag","embeddable":true,"href":"https:\/\/agora.xtec.cat\/ceip-canpuig\/wp-json\/wp\/v2\/tags?post=14664"}],"curies":[{"name":"wp","href":"https:\/\/api.w.org\/{rel}","templated":true}]}}