{"id":14524,"date":"2025-10-30T17:48:27","date_gmt":"2025-10-30T16:48:27","guid":{"rendered":"https:\/\/agora.xtec.cat\/ceip-canpuig\/?p=14524"},"modified":"2025-11-25T17:03:03","modified_gmt":"2025-11-25T16:03:03","slug":"eleccions-al-consell-escolar-2","status":"publish","type":"post","link":"https:\/\/agora.xtec.cat\/ceip-canpuig\/general\/eleccions-al-consell-escolar-2\/","title":{"rendered":"ELECCIONS AL CONSELL ESCOLAR"},"content":{"rendered":"<p><img loading=\"lazy\" decoding=\"async\" class=\"alignnone size-large wp-image-14525\" src=\"https:\/\/agora.xtec.cat\/ceip-canpuig\/wp-content\/uploads\/usu1039\/2025\/10\/consells-escolars.png_552031986-1024x250.png\" alt=\"\" width=\"1024\" height=\"250\" srcset=\"https:\/\/agora.xtec.cat\/ceip-canpuig\/wp-content\/uploads\/usu1039\/2025\/10\/consells-escolars.png_552031986-1024x250.png 1024w, https:\/\/agora.xtec.cat\/ceip-canpuig\/wp-content\/uploads\/usu1039\/2025\/10\/consells-escolars.png_552031986-300x73.png 300w, https:\/\/agora.xtec.cat\/ceip-canpuig\/wp-content\/uploads\/usu1039\/2025\/10\/consells-escolars.png_552031986-768x188.png 768w, https:\/\/agora.xtec.cat\/ceip-canpuig\/wp-content\/uploads\/usu1039\/2025\/10\/consells-escolars.png_552031986-1536x375.png 1536w, https:\/\/agora.xtec.cat\/ceip-canpuig\/wp-content\/uploads\/usu1039\/2025\/10\/consells-escolars.png_552031986-2048x500.png 2048w\" sizes=\"auto, (max-width: 1024px) 100vw, 1024px\" \/><\/p>\n<p>Aquest curs se celebren les\u00a0<strong>eleccions al Consell Escolar de la nostra escola<\/strong>, l\u2019\u00f2rgan de participaci\u00f3 on es prenen les decisions m\u00e9s rellevants sobre el funcionament i la vida del centre.<\/p>\n<p>El\u00a0<strong>Consell Escolar<\/strong> est\u00e0 format per representants de tots els sectors de la comunitat educativa: mestres, fam\u00edlies, alumnes, PAS\/PAE, Ajuntament, AFA i equip directiu.<\/p>\n<p>Els membres es\u00a0<strong>renoven cada quatre anys<\/strong>, i\u00a0<strong>aquest curs hi ha les seg\u00fcents vacants<\/strong>:<\/p>\n<ul>\n<li>2 mestres<\/li>\n<li>2 representants dels pares, mares i tutors\/es legals d\u2019alumnes<\/li>\n<\/ul>\n<p>Els<strong> censos electorals ja estan exposats al tauler del centre<\/strong>\u00a0per a la seva consulta. Les\u00a0<strong>reclamacions <\/strong>es poden presentar\u00a0del <strong>4 al 6 de novembre<\/strong> a la secretaria de centre a trav\u00e9s de la <a href=\"https:\/\/agora.xtec.cat\/ceip-canpuig\/wp-content\/uploads\/usu1039\/2025\/10\/Solicitud-generica.pdf\">sol\u00b7licitud seg\u00fcent<\/a>.<\/p>\n<p>Us\u00a0<strong>animem a participar activament<\/strong>\u00a0en aquest proc\u00e9s, ja sigui\u00a0<strong>presentant-vos com a candidats\/es<\/strong>\u00a0per representar les fam\u00edlies o\u00a0<strong>votant<\/strong>\u00a0el\u00a0<strong>dia de les eleccions<\/strong>, que tindran lloc el\u00a0proper <strong>dimecres<\/strong> <strong>19 de novembre, de 16:16h a 18h<\/strong>, al vest\u00edbul de l\u2019escola. En cas que us vulgueu presentar com a candidats\/es heu d\u2019omplir el <a href=\"https:\/\/agora.xtec.cat\/ceip-canpuig\/wp-content\/uploads\/usu1039\/2025\/10\/A634.pdf\">document adjunt<\/a> i enviar-lo al correu\u00a0de l\u2019escola (<a href=\"mailto:b7005182@xtec.cat\">b7005182@xtec.cat<\/a>) a l\u2019atenci\u00f3 de la direcci\u00f3 fins el dimecres 12 de novembre. La publicaci\u00f3 del llistat de les candidatures es far\u00e0 <strong>divendres 14 de novembre.<\/strong><\/p>\n","protected":false},"excerpt":{"rendered":"<p>Aquest curs se celebren les\u00a0eleccions al Consell Escolar de la nostra escola, l\u2019\u00f2rgan de participaci\u00f3 on es prenen les decisions m\u00e9s rellevants sobre el funcionament i la vida del centre.<br \/>\nEl\u00a0Consell Escolar est\u00e0 format per representants de tots els sectors de la comunitat educativa: mestres, fam\u00edlies,&hellip;  <a href=\"https:\/\/agora.xtec.cat\/ceip-canpuig\/general\/eleccions-al-consell-escolar-2\/\" title=\"Read ELECCIONS AL CONSELL ESCOLAR\">Llegeix m\u00e9s\u00bb<\/a><\/p>\n","protected":false},"author":1,"featured_media":0,"comment_status":"open","ping_status":"open","sticky":false,"template":"","format":"standard","meta":{"_bbp_topic_count":0,"_bbp_reply_count":0,"_bbp_total_topic_count":0,"_bbp_total_reply_count":0,"_bbp_voice_count":0,"_bbp_anonymous_reply_count":0,"_bbp_topic_count_hidden":0,"_bbp_reply_count_hidden":0,"_bbp_forum_subforum_count":0,"footnotes":""},"categories":[145,1,96,4],"tags":[],"class_list":["post-14524","post","type-post","status-publish","format-standard","hentry","category-curs-2025-2026","category-general","category-novetats","category-portada"],"post_mailing_queue_ids":[],"_links":{"self":[{"href":"https:\/\/agora.xtec.cat\/ceip-canpuig\/wp-json\/wp\/v2\/posts\/14524","targetHints":{"allow":["GET"]}}],"collection":[{"href":"https:\/\/agora.xtec.cat\/ceip-canpuig\/wp-json\/wp\/v2\/posts"}],"about":[{"href":"https:\/\/agora.xtec.cat\/ceip-canpuig\/wp-json\/wp\/v2\/types\/post"}],"author":[{"embeddable":true,"href":"https:\/\/agora.xtec.cat\/ceip-canpuig\/wp-json\/wp\/v2\/users\/1"}],"replies":[{"embeddable":true,"href":"https:\/\/agora.xtec.cat\/ceip-canpuig\/wp-json\/wp\/v2\/comments?post=14524"}],"version-history":[{"count":6,"href":"https:\/\/agora.xtec.cat\/ceip-canpuig\/wp-json\/wp\/v2\/posts\/14524\/revisions"}],"predecessor-version":[{"id":14537,"href":"https:\/\/agora.xtec.cat\/ceip-canpuig\/wp-json\/wp\/v2\/posts\/14524\/revisions\/14537"}],"wp:attachment":[{"href":"https:\/\/agora.xtec.cat\/ceip-canpuig\/wp-json\/wp\/v2\/media?parent=14524"}],"wp:term":[{"taxonomy":"category","embeddable":true,"href":"https:\/\/agora.xtec.cat\/ceip-canpuig\/wp-json\/wp\/v2\/categories?post=14524"},{"taxonomy":"post_tag","embeddable":true,"href":"https:\/\/agora.xtec.cat\/ceip-canpuig\/wp-json\/wp\/v2\/tags?post=14524"}],"curies":[{"name":"wp","href":"https:\/\/api.w.org\/{rel}","templated":true}]}}