{"id":14174,"date":"2025-06-04T09:57:01","date_gmt":"2025-06-04T07:57:01","guid":{"rendered":"https:\/\/agora.xtec.cat\/ceip-canpuig\/?p=14174"},"modified":"2025-06-04T09:57:01","modified_gmt":"2025-06-04T07:57:01","slug":"teatre","status":"publish","type":"post","link":"https:\/\/agora.xtec.cat\/ceip-canpuig\/portada\/teatre\/","title":{"rendered":"TEATRE"},"content":{"rendered":"<p style=\"font-weight: 400;\">Des de fa anys l&#8217;escola est\u00e0 portant a terme el projecte de teatre amb l&#8217;alumnat de 6\u00e8 dins l&#8217;horari lectiu, ja que es considera una eina molt valuosa per totes les habilitats i estrat\u00e8gies que permet desenvolupar. Al llarg del curs aquests nens i nenes han confeccionat la seva pr\u00f2pia obra de teatre sota la direcci\u00f3 de la Marta Rius i les tutores Laia Oset i Maria Mart\u00ednez.<\/p>\n<p style=\"font-weight: 400;\">Aix\u00ed mateix, dins la programaci\u00f3 d\u2019activitats extraescolars, s&#8217;est\u00e0 portant a terme la de Teatre amb alumnat d\u2019I5 fins a 5\u00e8, sota la direcci\u00f3 de la Marta Rius.<\/p>\n<p style=\"font-weight: 400;\">Ara que arribem a final de curs, volen compartir amb vosaltres els seus progressos i el treball final. Per aix\u00f2 s\u2019han programat\u00a0\u00a0les representacions pel\u00a0<strong>dijous 5 de juny al Teatre Municipal de Banyoles<\/strong>.<\/p>\n<p><img loading=\"lazy\" decoding=\"async\" class=\"alignnone size-large wp-image-14173\" src=\"https:\/\/agora.xtec.cat\/ceip-canpuig\/wp-content\/uploads\/usu1039\/2025\/06\/Teatre-2024-2025-819x1024.png\" alt=\"\" width=\"819\" height=\"1024\" srcset=\"https:\/\/agora.xtec.cat\/ceip-canpuig\/wp-content\/uploads\/usu1039\/2025\/06\/Teatre-2024-2025-819x1024.png 819w, https:\/\/agora.xtec.cat\/ceip-canpuig\/wp-content\/uploads\/usu1039\/2025\/06\/Teatre-2024-2025-240x300.png 240w, https:\/\/agora.xtec.cat\/ceip-canpuig\/wp-content\/uploads\/usu1039\/2025\/06\/Teatre-2024-2025-768x960.png 768w, https:\/\/agora.xtec.cat\/ceip-canpuig\/wp-content\/uploads\/usu1039\/2025\/06\/Teatre-2024-2025.png 1080w\" sizes=\"auto, (max-width: 819px) 100vw, 819px\" \/><\/p>\n","protected":false},"excerpt":{"rendered":"<p>Des de fa anys l&#8217;escola est\u00e0 portant a terme el projecte de teatre amb l&#8217;alumnat de 6\u00e8 dins l&#8217;horari lectiu, ja que es considera una eina molt valuosa per totes les habilitats i estrat\u00e8gies que permet desenvolupar. Al llarg del curs aquests nens i nenes&hellip;  <a href=\"https:\/\/agora.xtec.cat\/ceip-canpuig\/portada\/teatre\/\" title=\"Read TEATRE\">Llegeix m\u00e9s\u00bb<\/a><\/p>\n","protected":false},"author":1,"featured_media":0,"comment_status":"closed","ping_status":"closed","sticky":false,"template":"","format":"standard","meta":{"_bbp_topic_count":0,"_bbp_reply_count":0,"_bbp_total_topic_count":0,"_bbp_total_reply_count":0,"_bbp_voice_count":0,"_bbp_anonymous_reply_count":0,"_bbp_topic_count_hidden":0,"_bbp_reply_count_hidden":0,"_bbp_forum_subforum_count":0,"footnotes":""},"categories":[141,96,4],"tags":[],"class_list":["post-14174","post","type-post","status-publish","format-standard","hentry","category-curs-2024-2025","category-novetats","category-portada"],"post_mailing_queue_ids":[],"_links":{"self":[{"href":"https:\/\/agora.xtec.cat\/ceip-canpuig\/wp-json\/wp\/v2\/posts\/14174","targetHints":{"allow":["GET"]}}],"collection":[{"href":"https:\/\/agora.xtec.cat\/ceip-canpuig\/wp-json\/wp\/v2\/posts"}],"about":[{"href":"https:\/\/agora.xtec.cat\/ceip-canpuig\/wp-json\/wp\/v2\/types\/post"}],"author":[{"embeddable":true,"href":"https:\/\/agora.xtec.cat\/ceip-canpuig\/wp-json\/wp\/v2\/users\/1"}],"replies":[{"embeddable":true,"href":"https:\/\/agora.xtec.cat\/ceip-canpuig\/wp-json\/wp\/v2\/comments?post=14174"}],"version-history":[{"count":1,"href":"https:\/\/agora.xtec.cat\/ceip-canpuig\/wp-json\/wp\/v2\/posts\/14174\/revisions"}],"predecessor-version":[{"id":14175,"href":"https:\/\/agora.xtec.cat\/ceip-canpuig\/wp-json\/wp\/v2\/posts\/14174\/revisions\/14175"}],"wp:attachment":[{"href":"https:\/\/agora.xtec.cat\/ceip-canpuig\/wp-json\/wp\/v2\/media?parent=14174"}],"wp:term":[{"taxonomy":"category","embeddable":true,"href":"https:\/\/agora.xtec.cat\/ceip-canpuig\/wp-json\/wp\/v2\/categories?post=14174"},{"taxonomy":"post_tag","embeddable":true,"href":"https:\/\/agora.xtec.cat\/ceip-canpuig\/wp-json\/wp\/v2\/tags?post=14174"}],"curies":[{"name":"wp","href":"https:\/\/api.w.org\/{rel}","templated":true}]}}