{"id":14026,"date":"2025-05-08T14:01:47","date_gmt":"2025-05-08T12:01:47","guid":{"rendered":"https:\/\/agora.xtec.cat\/ceip-canpuig\/?p=14026"},"modified":"2025-05-08T14:10:11","modified_gmt":"2025-05-08T12:10:11","slug":"banyoles-ets-tu-6","status":"publish","type":"post","link":"https:\/\/agora.xtec.cat\/ceip-canpuig\/portada\/banyoles-ets-tu-6\/","title":{"rendered":"BANYOLES ETS TU!"},"content":{"rendered":"<p>Aquest curs l\u2019alumnat de 5\u00e8 participa al projecte de ciutat \u201cBanyoles ets tu!\u201d. Despr\u00e9s d\u2019observar les necessitats de Banyoles, cada grup s\u2019ha centrat en una d\u2019aquestes\u00a0 per establir el repte del grup. S\u2019han realitzat din\u00e0miques pr\u00f2pies del proc\u00e9s creatiu per trobar diverses solucions i, d\u2019aquesta manera, escollir la millor proposta de soluci\u00f3.<\/p>\n<p>Gr\u00e0cies a l\u2019ajuda dels professionals que han participat a la taula d\u2019experts del projecte, han millorat i acabat de definir les seves propostes. Aix\u00ed doncs, han elaborat un prototip que ajudi a comprendre m\u00e9s b\u00e9 la seva proposta de soluci\u00f3.<\/p>\n<p>En aquests moments es troben a la fase de sensibilitzaci\u00f3 del projecte en la qual es dissenya una acci\u00f3 de sensibilitzaci\u00f3 que ajudi a la poblaci\u00f3 a prendre consci\u00e8ncia de les problem\u00e0tiques i necessitats treballades.<\/p>\n<p>Aquest proc\u00e9s culminar\u00e0 amb la presentaci\u00f3 dels projectes davant els companys i companyes de les altres escoles participants i les autoritats i associacions de la ciutat.<\/p>\n<p>De ben segur que tota la feina feta aportar\u00e0 moltes idees per millorar, entre totes i tots, la nostra ciutat.<\/p>\n\r\n\t<div class=\"slideshow_container slideshow_container_style-light\" style=\" \" data-slideshow-id=\"14029\" data-style-name=\"style-light\" data-style-version=\"2.3.1\" >\r\n\r\n\t\t\t\t\t<div class=\"slideshow_loading_icon\"><\/div>\r\n\t\t\r\n\t\t<div class=\"slideshow_content\" style=\"display: none;\">\r\n\r\n\t\t\t<div class=\"slideshow_view\">\r\n\t\t\t\t<div class=\"slideshow_slide slideshow_slide_image\">\r\n\t\t\t\t\t\t\t\t\t\t\t<img src=\"https:\/\/agora.xtec.cat\/ceip-canpuig\/wp-content\/uploads\/usu1039\/2025\/05\/Foto-4-5e.jpg\" alt=\"Foto 4 5\u00e8\" width=\"1600\" height=\"1200\" \/>\r\n\t\t\t\t\t\t\t\t\t\t<div class=\"slideshow_description_box slideshow_transparent\">\r\n\t\t\t\t\t\t\t\t\t\t\t\t\t\t\t\t\t<\/div>\r\n\t\t\t\t<\/div>\r\n\r\n\t\t\t\t\t\t<div style=\"clear: both;\"><\/div><\/div><div class=\"slideshow_view\">\r\n\t\t\t\t<div class=\"slideshow_slide slideshow_slide_image\">\r\n\t\t\t\t\t\t\t\t\t\t\t<img src=\"https:\/\/agora.xtec.cat\/ceip-canpuig\/wp-content\/uploads\/usu1039\/2025\/05\/Foto-3-5e.jpg\" alt=\"Foto 3 5\u00e8\" width=\"1600\" height=\"1200\" \/>\r\n\t\t\t\t\t\t\t\t\t\t<div class=\"slideshow_description_box slideshow_transparent\">\r\n\t\t\t\t\t\t\t\t\t\t\t\t\t\t\t\t\t<\/div>\r\n\t\t\t\t<\/div>\r\n\r\n\t\t\t\t\t\t<div style=\"clear: both;\"><\/div><\/div><div class=\"slideshow_view\">\r\n\t\t\t\t<div class=\"slideshow_slide slideshow_slide_image\">\r\n\t\t\t\t\t\t\t\t\t\t\t<img src=\"https:\/\/agora.xtec.cat\/ceip-canpuig\/wp-content\/uploads\/usu1039\/2025\/05\/Foto-2-5e.jpg\" alt=\"Foto 2 5\u00e8\" width=\"1600\" height=\"1200\" \/>\r\n\t\t\t\t\t\t\t\t\t\t<div class=\"slideshow_description_box slideshow_transparent\">\r\n\t\t\t\t\t\t\t\t\t\t\t\t\t\t\t\t\t<\/div>\r\n\t\t\t\t<\/div>\r\n\r\n\t\t\t\t\t\t<div style=\"clear: both;\"><\/div><\/div><div class=\"slideshow_view\">\r\n\t\t\t\t<div class=\"slideshow_slide slideshow_slide_image\">\r\n\t\t\t\t\t\t\t\t\t\t\t<img src=\"https:\/\/agora.xtec.cat\/ceip-canpuig\/wp-content\/uploads\/usu1039\/2025\/05\/Foto-1-5e.jpg\" alt=\"Foto 1 5\u00e8\" width=\"1600\" height=\"1200\" \/>\r\n\t\t\t\t\t\t\t\t\t\t<div class=\"slideshow_description_box slideshow_transparent\">\r\n\t\t\t\t\t\t\t\t\t\t\t\t\t\t\t\t\t<\/div>\r\n\t\t\t\t<\/div>\r\n\r\n\t\t\t\t\t\t<div style=\"clear: both;\"><\/div><\/div>\r\n\t\t<\/div>\r\n\r\n\t\t<div class=\"slideshow_controlPanel slideshow_transparent\" style=\"display: none;\"><ul><li class=\"slideshow_togglePlay\" data-play-text=\"Visualitza\" data-pause-text=\"Pausa\"><\/li><\/ul><\/div>\r\n\r\n\t\t<div class=\"slideshow_button slideshow_previous slideshow_transparent\" role=\"button\" data-previous-text=\"Anterior\" style=\"display: none;\"><\/div>\r\n\t\t<div class=\"slideshow_button slideshow_next slideshow_transparent\" role=\"button\" data-next-text=\"Seg\u00fcent\" style=\"display: none;\"><\/div>\r\n\r\n\t\t<div class=\"slideshow_pagination\" style=\"display: none;\" data-go-to-text=\"V\u00e9s a la diapositiva\"><div class=\"slideshow_pagination_center\"><\/div><\/div>\r\n\r\n\t\t<!-- WordPress Slideshow Version 2.3.1 -->\r\n\r\n\t\t\t<\/div>\r\n\r\n\n<p style=\"text-align: right;\">\n","protected":false},"excerpt":{"rendered":"<p>Aquest curs l\u2019alumnat de 5\u00e8 participa al projecte de ciutat \u201cBanyoles ets tu!\u201d. Despr\u00e9s d\u2019observar les necessitats de Banyoles, cada grup s\u2019ha centrat en una d\u2019aquestes\u00a0 per establir el repte del grup. S\u2019han realitzat din\u00e0miques pr\u00f2pies del proc\u00e9s creatiu per trobar diverses solucions i, d\u2019aquesta&hellip;  <a href=\"https:\/\/agora.xtec.cat\/ceip-canpuig\/portada\/banyoles-ets-tu-6\/\" title=\"Read BANYOLES ETS TU!\">Llegeix m\u00e9s\u00bb<\/a><\/p>\n","protected":false},"author":1,"featured_media":14022,"comment_status":"closed","ping_status":"closed","sticky":false,"template":"","format":"standard","meta":{"_bbp_topic_count":0,"_bbp_reply_count":0,"_bbp_total_topic_count":0,"_bbp_total_reply_count":0,"_bbp_voice_count":0,"_bbp_anonymous_reply_count":0,"_bbp_topic_count_hidden":0,"_bbp_reply_count_hidden":0,"_bbp_forum_subforum_count":0,"footnotes":""},"categories":[14,141,4,5],"tags":[],"class_list":["post-14026","post","type-post","status-publish","format-standard","has-post-thumbnail","hentry","category-5e","category-curs-2024-2025","category-portada","category-primaria"],"post_mailing_queue_ids":[],"_links":{"self":[{"href":"https:\/\/agora.xtec.cat\/ceip-canpuig\/wp-json\/wp\/v2\/posts\/14026","targetHints":{"allow":["GET"]}}],"collection":[{"href":"https:\/\/agora.xtec.cat\/ceip-canpuig\/wp-json\/wp\/v2\/posts"}],"about":[{"href":"https:\/\/agora.xtec.cat\/ceip-canpuig\/wp-json\/wp\/v2\/types\/post"}],"author":[{"embeddable":true,"href":"https:\/\/agora.xtec.cat\/ceip-canpuig\/wp-json\/wp\/v2\/users\/1"}],"replies":[{"embeddable":true,"href":"https:\/\/agora.xtec.cat\/ceip-canpuig\/wp-json\/wp\/v2\/comments?post=14026"}],"version-history":[{"count":3,"href":"https:\/\/agora.xtec.cat\/ceip-canpuig\/wp-json\/wp\/v2\/posts\/14026\/revisions"}],"predecessor-version":[{"id":14030,"href":"https:\/\/agora.xtec.cat\/ceip-canpuig\/wp-json\/wp\/v2\/posts\/14026\/revisions\/14030"}],"wp:featuredmedia":[{"embeddable":true,"href":"https:\/\/agora.xtec.cat\/ceip-canpuig\/wp-json\/wp\/v2\/media\/14022"}],"wp:attachment":[{"href":"https:\/\/agora.xtec.cat\/ceip-canpuig\/wp-json\/wp\/v2\/media?parent=14026"}],"wp:term":[{"taxonomy":"category","embeddable":true,"href":"https:\/\/agora.xtec.cat\/ceip-canpuig\/wp-json\/wp\/v2\/categories?post=14026"},{"taxonomy":"post_tag","embeddable":true,"href":"https:\/\/agora.xtec.cat\/ceip-canpuig\/wp-json\/wp\/v2\/tags?post=14026"}],"curies":[{"name":"wp","href":"https:\/\/api.w.org\/{rel}","templated":true}]}}