{"id":13958,"date":"2025-04-23T15:51:57","date_gmt":"2025-04-23T13:51:57","guid":{"rendered":"https:\/\/agora.xtec.cat\/ceip-canpuig\/?p=13958"},"modified":"2025-05-07T09:10:21","modified_gmt":"2025-05-07T07:10:21","slug":"ajut-de-menjador-curs-2025-2026","status":"publish","type":"post","link":"https:\/\/agora.xtec.cat\/ceip-canpuig\/portada\/ajut-de-menjador-curs-2025-2026\/","title":{"rendered":"AJUT DE MENJADOR CURS 2025-2026"},"content":{"rendered":"<p>Us informem que el termini per a la presentaci\u00f3 de sol\u00b7licituds d&#8217;ajut de menjador escolar per al proper curs 2025-2026 ser\u00e0 del <strong>28 d&#8217;abril al 14 de maig de 2025<\/strong>, ambd\u00f3s dies inclosos.<\/p>\n<p>L\u2019impr\u00e8s de sol\u00b7licitud es pot presentar en dues modalitats:<\/p>\n<ul>\n<li>Telem\u00e0tica (preferiblement), mitjan\u00e7ant el tr\u00e0mit \u201cInst\u00e0ncia gen\u00e8rica\u201d de la Seu Electr\u00f2nica (<strong><a href=\"https:\/\/www.seu-e.cat\/ca\/web\/ccpladelestany\/seu-electronica\" target=\"_blank\" rel=\"noopener noreferrer\">https:\/\/www.seu-e.cat\/ca\/web\/ccpladelestany\/seu-electronica<\/a><\/strong>), al Registre Electr\u00f2nic del Consell Comarcal.<\/li>\n<li>Presencial, a la seu del Consell Comarcal (C\/ Catalunya, 48, de Banyoles), de 9:00h a 14:00h. En aquest cas, <strong>cal demanar cita pr\u00e8via al Consell Comarcal (<a style=\"color: #2795b6; font-weight: 400;\" href=\"https:\/\/citaprevia.plaestany.cat\/\" target=\"_blank\" rel=\"noopener noreferrer\">https:\/\/citaprevia.plaestany.cat\/<\/a>) i \u00e9s obligatori portar la sol\u00b7licitud omplerta, juntament amb la documentaci\u00f3 que correspongui.<\/strong><\/li>\n<li>Presencial, al centre d&#8217;ensenyament. En aquest cas, <strong>\u00e9s obligatori portar la sol\u00b7licitud omplerta, juntament amb la documentaci\u00f3 que correspongui.<\/strong><\/li>\n<\/ul>\n<p>En aquest\u00a0<a href=\"https:\/\/www.plaestany.cat\/Les-%C3%A0rees\/Educaci%C3%B3\/Ajuts-de-menjador\"><strong>enlla\u00e7<\/strong><\/a>\u00a0es recull la informaci\u00f3 general d\u2019aquesta convocat\u00f2ria.<\/p>\n<p><img loading=\"lazy\" decoding=\"async\" class=\"alignleft size-full wp-image-12806\" src=\"https:\/\/agora.xtec.cat\/ceip-canpuig\/wp-content\/uploads\/usu1039\/2023\/05\/Menjador.jpg\" alt=\"\" width=\"640\" height=\"427\" srcset=\"https:\/\/agora.xtec.cat\/ceip-canpuig\/wp-content\/uploads\/usu1039\/2023\/05\/Menjador.jpg 640w, https:\/\/agora.xtec.cat\/ceip-canpuig\/wp-content\/uploads\/usu1039\/2023\/05\/Menjador-300x200.jpg 300w\" sizes=\"auto, (max-width: 640px) 100vw, 640px\" \/><\/p>\n","protected":false},"excerpt":{"rendered":"<p>Us informem que el termini per a la presentaci\u00f3 de sol\u00b7licituds d&#8217;ajut de menjador escolar per al proper curs 2025-2026 ser\u00e0 del 28 d&#8217;abril al 14 de maig de 2025, ambd\u00f3s dies inclosos.<br \/>\nL\u2019impr\u00e8s de sol\u00b7licitud es pot presentar en dues modalitats:<\/p>\n<ul>\n<li>Telem\u00e0tica (preferiblement), mitjan\u00e7ant el tr\u00e0mit&hellip;  <a href=\"https:\/\/agora.xtec.cat\/ceip-canpuig\/portada\/ajut-de-menjador-curs-2025-2026\/\" title=\"Read AJUT DE MENJADOR CURS 2025-2026\">Llegeix m\u00e9s\u00bb<\/a><br \/>\n","protected":false},"author":1,"featured_media":0,"comment_status":"closed","ping_status":"closed","sticky":false,"template":"","format":"standard","meta":{"_bbp_topic_count":0,"_bbp_reply_count":0,"_bbp_total_topic_count":0,"_bbp_total_reply_count":0,"_bbp_voice_count":0,"_bbp_anonymous_reply_count":0,"_bbp_topic_count_hidden":0,"_bbp_reply_count_hidden":0,"_bbp_forum_subforum_count":0,"footnotes":""},"categories":[141,96,4],"tags":[],"class_list":["post-13958","post","type-post","status-publish","format-standard","hentry","category-curs-2024-2025","category-novetats","category-portada"],"post_mailing_queue_ids":[],"_links":{"self":[{"href":"https:\/\/agora.xtec.cat\/ceip-canpuig\/wp-json\/wp\/v2\/posts\/13958","targetHints":{"allow":["GET"]}}],"collection":[{"href":"https:\/\/agora.xtec.cat\/ceip-canpuig\/wp-json\/wp\/v2\/posts"}],"about":[{"href":"https:\/\/agora.xtec.cat\/ceip-canpuig\/wp-json\/wp\/v2\/types\/post"}],"author":[{"embeddable":true,"href":"https:\/\/agora.xtec.cat\/ceip-canpuig\/wp-json\/wp\/v2\/users\/1"}],"replies":[{"embeddable":true,"href":"https:\/\/agora.xtec.cat\/ceip-canpuig\/wp-json\/wp\/v2\/comments?post=13958"}],"version-history":[{"count":2,"href":"https:\/\/agora.xtec.cat\/ceip-canpuig\/wp-json\/wp\/v2\/posts\/13958\/revisions"}],"predecessor-version":[{"id":14013,"href":"https:\/\/agora.xtec.cat\/ceip-canpuig\/wp-json\/wp\/v2\/posts\/13958\/revisions\/14013"}],"wp:attachment":[{"href":"https:\/\/agora.xtec.cat\/ceip-canpuig\/wp-json\/wp\/v2\/media?parent=13958"}],"wp:term":[{"taxonomy":"category","embeddable":true,"href":"https:\/\/agora.xtec.cat\/ceip-canpuig\/wp-json\/wp\/v2\/categories?post=13958"},{"taxonomy":"post_tag","embeddable":true,"href":"https:\/\/agora.xtec.cat\/ceip-canpuig\/wp-json\/wp\/v2\/tags?post=13958"}],"curies":[{"name":"wp","href":"https:\/\/api.w.org\/{rel}","templated":true}]}}