{"id":13597,"date":"2024-12-04T16:32:31","date_gmt":"2024-12-04T15:32:31","guid":{"rendered":"https:\/\/agora.xtec.cat\/ceip-canpuig\/?p=13597"},"modified":"2024-12-04T16:32:31","modified_gmt":"2024-12-04T15:32:31","slug":"sortida-a-barcelona-2","status":"publish","type":"post","link":"https:\/\/agora.xtec.cat\/ceip-canpuig\/portada\/sortida-a-barcelona-2\/","title":{"rendered":"SORTIDA A BARCELONA"},"content":{"rendered":"<p>Els alumnes de cicle superior han passat una jornada a Barcelona.<\/p>\n<p>Al mat\u00ed han assistit a un petit espectacle al Palau de la M\u00fasica. A la tarda, els alumnes de 5\u00e8 han visitat el Museu d&#8217;Hist\u00f2ria de Catalunya. Els de 6\u00e8, en canvi, han conegut millor l&#8217;\u00e8poca medieval a trav\u00e9s d&#8217;un itinerari pel casc antic de la ciutat.<\/p>\n\r\n\t<div class=\"slideshow_container slideshow_container_style-light\" style=\" \" data-slideshow-id=\"13598\" data-style-name=\"style-light\" data-style-version=\"2.3.1\" >\r\n\r\n\t\t\t\t\t<div class=\"slideshow_loading_icon\"><\/div>\r\n\t\t\r\n\t\t<div class=\"slideshow_content\" style=\"display: none;\">\r\n\r\n\t\t\t<div class=\"slideshow_view\">\r\n\t\t\t\t<div class=\"slideshow_slide slideshow_slide_image\">\r\n\t\t\t\t\t\t\t\t\t\t\t<img src=\"https:\/\/agora.xtec.cat\/ceip-canpuig\/wp-content\/uploads\/usu1039\/2024\/12\/25832780-ba26-4fd2-9ef7-b3c9583862c6.jpg\" alt=\"25832780-ba26-4fd2-9ef7-b3c9583862c6\" width=\"1600\" height=\"1200\" \/>\r\n\t\t\t\t\t\t\t\t\t\t<div class=\"slideshow_description_box slideshow_transparent\">\r\n\t\t\t\t\t\t\t\t\t\t\t\t\t\t\t\t\t<\/div>\r\n\t\t\t\t<\/div>\r\n\r\n\t\t\t\t\t\t<div style=\"clear: both;\"><\/div><\/div><div class=\"slideshow_view\">\r\n\t\t\t\t<div class=\"slideshow_slide slideshow_slide_image\">\r\n\t\t\t\t\t\t\t\t\t\t\t<img src=\"https:\/\/agora.xtec.cat\/ceip-canpuig\/wp-content\/uploads\/usu1039\/2024\/12\/b8e3a09b-e909-45d0-9fff-38d5f6532321.jpg\" alt=\"b8e3a09b-e909-45d0-9fff-38d5f6532321\" width=\"1200\" height=\"1600\" \/>\r\n\t\t\t\t\t\t\t\t\t\t<div class=\"slideshow_description_box slideshow_transparent\">\r\n\t\t\t\t\t\t\t\t\t\t\t\t\t\t\t\t\t<\/div>\r\n\t\t\t\t<\/div>\r\n\r\n\t\t\t\t\t\t<div style=\"clear: both;\"><\/div><\/div><div class=\"slideshow_view\">\r\n\t\t\t\t<div class=\"slideshow_slide slideshow_slide_image\">\r\n\t\t\t\t\t\t\t\t\t\t\t<img src=\"https:\/\/agora.xtec.cat\/ceip-canpuig\/wp-content\/uploads\/usu1039\/2024\/12\/e377bc47-a16e-44bf-bc3b-f0c8ede080b0.jpg\" alt=\"e377bc47-a16e-44bf-bc3b-f0c8ede080b0\" width=\"1600\" height=\"1200\" \/>\r\n\t\t\t\t\t\t\t\t\t\t<div class=\"slideshow_description_box slideshow_transparent\">\r\n\t\t\t\t\t\t\t\t\t\t\t\t\t\t\t\t\t<\/div>\r\n\t\t\t\t<\/div>\r\n\r\n\t\t\t\t\t\t<div style=\"clear: both;\"><\/div><\/div><div class=\"slideshow_view\">\r\n\t\t\t\t<div class=\"slideshow_slide slideshow_slide_image\">\r\n\t\t\t\t\t\t\t\t\t\t\t<img src=\"https:\/\/agora.xtec.cat\/ceip-canpuig\/wp-content\/uploads\/usu1039\/2024\/12\/fd62be26-9768-4cf7-bddb-99b8c37b7fd5.jpg\" alt=\"fd62be26-9768-4cf7-bddb-99b8c37b7fd5\" width=\"1600\" height=\"1200\" \/>\r\n\t\t\t\t\t\t\t\t\t\t<div class=\"slideshow_description_box slideshow_transparent\">\r\n\t\t\t\t\t\t\t\t\t\t\t\t\t\t\t\t\t<\/div>\r\n\t\t\t\t<\/div>\r\n\r\n\t\t\t\t\t\t<div style=\"clear: both;\"><\/div><\/div><div class=\"slideshow_view\">\r\n\t\t\t\t<div class=\"slideshow_slide slideshow_slide_image\">\r\n\t\t\t\t\t\t\t\t\t\t\t<img src=\"https:\/\/agora.xtec.cat\/ceip-canpuig\/wp-content\/uploads\/usu1039\/2024\/12\/13ceef51-f435-45cd-bbb2-838a88015232.jpg\" alt=\"13ceef51-f435-45cd-bbb2-838a88015232\" width=\"1600\" height=\"1200\" \/>\r\n\t\t\t\t\t\t\t\t\t\t<div class=\"slideshow_description_box slideshow_transparent\">\r\n\t\t\t\t\t\t\t\t\t\t\t\t\t\t\t\t\t<\/div>\r\n\t\t\t\t<\/div>\r\n\r\n\t\t\t\t\t\t<div style=\"clear: both;\"><\/div><\/div>\r\n\t\t<\/div>\r\n\r\n\t\t<div class=\"slideshow_controlPanel slideshow_transparent\" style=\"display: none;\"><ul><li class=\"slideshow_togglePlay\" data-play-text=\"Visualitza\" data-pause-text=\"Pausa\"><\/li><\/ul><\/div>\r\n\r\n\t\t<div class=\"slideshow_button slideshow_previous slideshow_transparent\" role=\"button\" data-previous-text=\"Anterior\" style=\"display: none;\"><\/div>\r\n\t\t<div class=\"slideshow_button slideshow_next slideshow_transparent\" role=\"button\" data-next-text=\"Seg\u00fcent\" style=\"display: none;\"><\/div>\r\n\r\n\t\t<div class=\"slideshow_pagination\" style=\"display: none;\" data-go-to-text=\"V\u00e9s a la diapositiva\"><div class=\"slideshow_pagination_center\"><\/div><\/div>\r\n\r\n\t\t<!-- WordPress Slideshow Version 2.3.1 -->\r\n\r\n\t\t\t<\/div>\r\n\r\n\n","protected":false},"excerpt":{"rendered":"<p>Els alumnes de cicle superior han passat una jornada a Barcelona.<br \/>\nAl mat\u00ed han assistit a un petit espectacle al Palau de la M\u00fasica. A la tarda, els alumnes de 5\u00e8 han visitat el Museu d&#8217;Hist\u00f2ria de Catalunya. Els de 6\u00e8, en canvi, han conegut millor&hellip;  <a href=\"https:\/\/agora.xtec.cat\/ceip-canpuig\/portada\/sortida-a-barcelona-2\/\" title=\"Read SORTIDA A BARCELONA\">Llegeix m\u00e9s\u00bb<\/a><\/p>\n","protected":false},"author":1,"featured_media":13599,"comment_status":"closed","ping_status":"closed","sticky":false,"template":"","format":"standard","meta":{"_bbp_topic_count":0,"_bbp_reply_count":0,"_bbp_total_topic_count":0,"_bbp_total_reply_count":0,"_bbp_voice_count":0,"_bbp_anonymous_reply_count":0,"_bbp_topic_count_hidden":0,"_bbp_reply_count_hidden":0,"_bbp_forum_subforum_count":0,"footnotes":""},"categories":[14,15,141,4,5],"tags":[],"class_list":["post-13597","post","type-post","status-publish","format-standard","has-post-thumbnail","hentry","category-5e","category-6e","category-curs-2024-2025","category-portada","category-primaria"],"post_mailing_queue_ids":[],"_links":{"self":[{"href":"https:\/\/agora.xtec.cat\/ceip-canpuig\/wp-json\/wp\/v2\/posts\/13597","targetHints":{"allow":["GET"]}}],"collection":[{"href":"https:\/\/agora.xtec.cat\/ceip-canpuig\/wp-json\/wp\/v2\/posts"}],"about":[{"href":"https:\/\/agora.xtec.cat\/ceip-canpuig\/wp-json\/wp\/v2\/types\/post"}],"author":[{"embeddable":true,"href":"https:\/\/agora.xtec.cat\/ceip-canpuig\/wp-json\/wp\/v2\/users\/1"}],"replies":[{"embeddable":true,"href":"https:\/\/agora.xtec.cat\/ceip-canpuig\/wp-json\/wp\/v2\/comments?post=13597"}],"version-history":[{"count":2,"href":"https:\/\/agora.xtec.cat\/ceip-canpuig\/wp-json\/wp\/v2\/posts\/13597\/revisions"}],"predecessor-version":[{"id":13605,"href":"https:\/\/agora.xtec.cat\/ceip-canpuig\/wp-json\/wp\/v2\/posts\/13597\/revisions\/13605"}],"wp:featuredmedia":[{"embeddable":true,"href":"https:\/\/agora.xtec.cat\/ceip-canpuig\/wp-json\/wp\/v2\/media\/13599"}],"wp:attachment":[{"href":"https:\/\/agora.xtec.cat\/ceip-canpuig\/wp-json\/wp\/v2\/media?parent=13597"}],"wp:term":[{"taxonomy":"category","embeddable":true,"href":"https:\/\/agora.xtec.cat\/ceip-canpuig\/wp-json\/wp\/v2\/categories?post=13597"},{"taxonomy":"post_tag","embeddable":true,"href":"https:\/\/agora.xtec.cat\/ceip-canpuig\/wp-json\/wp\/v2\/tags?post=13597"}],"curies":[{"name":"wp","href":"https:\/\/api.w.org\/{rel}","templated":true}]}}