{"id":13219,"date":"2024-02-28T12:18:41","date_gmt":"2024-02-28T11:18:41","guid":{"rendered":"https:\/\/agora.xtec.cat\/ceip-canpuig\/?p=13219"},"modified":"2024-02-28T12:30:39","modified_gmt":"2024-02-28T11:30:39","slug":"que-podem-aprendre-dels-neolitics","status":"publish","type":"post","link":"https:\/\/agora.xtec.cat\/ceip-canpuig\/portada\/que-podem-aprendre-dels-neolitics\/","title":{"rendered":"QU\u00c8 PODEM APRENDRE DELS NEOL\u00cdTICS?"},"content":{"rendered":"<p><span style=\"font-weight: 400;\">A partir d\u2019una not\u00edcia que ens va arribar del Poblat Neol\u00edtic de la Draga, l&#8217;alumnat de 2n de cicle inicial vam plantejar-nos una pregunta: \u201c<span style=\"color: #3978b8;\">Qu\u00e8 pod\u00edem aprendre dels nostres avantpassats Neol\u00edtics?<\/span>\u201d.\u00a0<\/span><\/p>\n<p><span style=\"font-weight: 400;\">Primerament vam fer una <span style=\"color: #3978b8;\">pluja d\u2019idees<\/span> de tots els nostres coneixements previs i una vegada compartits, per grups cooperatius, ens vam plantejar una s\u00e8rie de <span style=\"color: #3978b8;\">preguntes<\/span> que vol\u00edem saber abans de realitzar la visita al Poblat Neol\u00edtic de la Draga.<\/span><\/p>\n<p><img loading=\"lazy\" decoding=\"async\" class=\"alignnone size-medium wp-image-13207\" src=\"https:\/\/agora.xtec.cat\/ceip-canpuig\/wp-content\/uploads\/usu1039\/2024\/02\/foto1-300x213.jpg\" alt=\"\" width=\"300\" height=\"213\" srcset=\"https:\/\/agora.xtec.cat\/ceip-canpuig\/wp-content\/uploads\/usu1039\/2024\/02\/foto1-300x213.jpg 300w, https:\/\/agora.xtec.cat\/ceip-canpuig\/wp-content\/uploads\/usu1039\/2024\/02\/foto1-1024x728.jpg 1024w, https:\/\/agora.xtec.cat\/ceip-canpuig\/wp-content\/uploads\/usu1039\/2024\/02\/foto1-768x546.jpg 768w, https:\/\/agora.xtec.cat\/ceip-canpuig\/wp-content\/uploads\/usu1039\/2024\/02\/foto1-1536x1092.jpg 1536w, https:\/\/agora.xtec.cat\/ceip-canpuig\/wp-content\/uploads\/usu1039\/2024\/02\/foto1-2048x1456.jpg 2048w\" sizes=\"auto, (max-width: 300px) 100vw, 300px\" \/>\u00a0 <img loading=\"lazy\" decoding=\"async\" class=\"alignnone wp-image-13208\" src=\"https:\/\/agora.xtec.cat\/ceip-canpuig\/wp-content\/uploads\/usu1039\/2024\/02\/foto2_Easy-Resize.com_-300x225.jpg\" alt=\"\" width=\"283\" height=\"212\" srcset=\"https:\/\/agora.xtec.cat\/ceip-canpuig\/wp-content\/uploads\/usu1039\/2024\/02\/foto2_Easy-Resize.com_-300x225.jpg 300w, https:\/\/agora.xtec.cat\/ceip-canpuig\/wp-content\/uploads\/usu1039\/2024\/02\/foto2_Easy-Resize.com_-1024x768.jpg 1024w, https:\/\/agora.xtec.cat\/ceip-canpuig\/wp-content\/uploads\/usu1039\/2024\/02\/foto2_Easy-Resize.com_-768x576.jpg 768w, https:\/\/agora.xtec.cat\/ceip-canpuig\/wp-content\/uploads\/usu1039\/2024\/02\/foto2_Easy-Resize.com_-200x150.jpg 200w, https:\/\/agora.xtec.cat\/ceip-canpuig\/wp-content\/uploads\/usu1039\/2024\/02\/foto2_Easy-Resize.com_.jpg 1280w\" sizes=\"auto, (max-width: 283px) 100vw, 283px\" \/><\/p>\n<p><span style=\"font-weight: 400;\">Despr\u00e9s de la visita cada grup cooperatiu es va especialitzar en un tema i el vam relacionar amb un ODS.<\/span><\/p>\n<p><img loading=\"lazy\" decoding=\"async\" class=\"alignnone size-medium wp-image-13209\" src=\"https:\/\/agora.xtec.cat\/ceip-canpuig\/wp-content\/uploads\/usu1039\/2024\/02\/foto3-300x188.jpg\" alt=\"\" width=\"300\" height=\"188\" srcset=\"https:\/\/agora.xtec.cat\/ceip-canpuig\/wp-content\/uploads\/usu1039\/2024\/02\/foto3-300x188.jpg 300w, https:\/\/agora.xtec.cat\/ceip-canpuig\/wp-content\/uploads\/usu1039\/2024\/02\/foto3-1024x643.jpg 1024w, https:\/\/agora.xtec.cat\/ceip-canpuig\/wp-content\/uploads\/usu1039\/2024\/02\/foto3-768x482.jpg 768w, https:\/\/agora.xtec.cat\/ceip-canpuig\/wp-content\/uploads\/usu1039\/2024\/02\/foto3-1536x965.jpg 1536w, https:\/\/agora.xtec.cat\/ceip-canpuig\/wp-content\/uploads\/usu1039\/2024\/02\/foto3.jpg 1567w\" sizes=\"auto, (max-width: 300px) 100vw, 300px\" \/>\u00a0 <img loading=\"lazy\" decoding=\"async\" class=\"alignnone wp-image-13210\" src=\"https:\/\/agora.xtec.cat\/ceip-canpuig\/wp-content\/uploads\/usu1039\/2024\/02\/foto4-300x207.jpg\" alt=\"\" width=\"274\" height=\"189\" srcset=\"https:\/\/agora.xtec.cat\/ceip-canpuig\/wp-content\/uploads\/usu1039\/2024\/02\/foto4-300x207.jpg 300w, https:\/\/agora.xtec.cat\/ceip-canpuig\/wp-content\/uploads\/usu1039\/2024\/02\/foto4-1024x706.jpg 1024w, https:\/\/agora.xtec.cat\/ceip-canpuig\/wp-content\/uploads\/usu1039\/2024\/02\/foto4-768x529.jpg 768w, https:\/\/agora.xtec.cat\/ceip-canpuig\/wp-content\/uploads\/usu1039\/2024\/02\/foto4-1536x1058.jpg 1536w, https:\/\/agora.xtec.cat\/ceip-canpuig\/wp-content\/uploads\/usu1039\/2024\/02\/foto4-2048x1411.jpg 2048w\" sizes=\"auto, (max-width: 274px) 100vw, 274px\" \/><\/p>\n<p><span style=\"font-weight: 400;\">Per poder donar a con\u00e8ixer els nostres aprenentatges i les conclusions a qu\u00e8 hav\u00edem arribat vam gravar diferents v\u00eddeos amb la t\u00e8cnica d\u2019animaci\u00f3 Stop Motion. <\/span><\/p>\n<p><img loading=\"lazy\" decoding=\"async\" class=\"alignnone wp-image-13211\" src=\"https:\/\/agora.xtec.cat\/ceip-canpuig\/wp-content\/uploads\/usu1039\/2024\/02\/PHOTO-2024-02-27-14-13-52-2-300x262.jpg\" alt=\"\" width=\"245\" height=\"214\" srcset=\"https:\/\/agora.xtec.cat\/ceip-canpuig\/wp-content\/uploads\/usu1039\/2024\/02\/PHOTO-2024-02-27-14-13-52-2-300x262.jpg 300w, https:\/\/agora.xtec.cat\/ceip-canpuig\/wp-content\/uploads\/usu1039\/2024\/02\/PHOTO-2024-02-27-14-13-52-2.jpg 747w\" sizes=\"auto, (max-width: 245px) 100vw, 245px\" \/>\u00a0 <img loading=\"lazy\" decoding=\"async\" class=\"alignnone size-medium wp-image-13212\" src=\"https:\/\/agora.xtec.cat\/ceip-canpuig\/wp-content\/uploads\/usu1039\/2024\/02\/foto5-300x215.jpg\" alt=\"\" width=\"300\" height=\"215\" srcset=\"https:\/\/agora.xtec.cat\/ceip-canpuig\/wp-content\/uploads\/usu1039\/2024\/02\/foto5-300x215.jpg 300w, https:\/\/agora.xtec.cat\/ceip-canpuig\/wp-content\/uploads\/usu1039\/2024\/02\/foto5-1024x734.jpg 1024w, https:\/\/agora.xtec.cat\/ceip-canpuig\/wp-content\/uploads\/usu1039\/2024\/02\/foto5-768x550.jpg 768w, https:\/\/agora.xtec.cat\/ceip-canpuig\/wp-content\/uploads\/usu1039\/2024\/02\/foto5.jpg 1280w\" sizes=\"auto, (max-width: 300px) 100vw, 300px\" \/>\u00a0 <img loading=\"lazy\" decoding=\"async\" class=\"alignnone size-medium wp-image-13213\" src=\"https:\/\/agora.xtec.cat\/ceip-canpuig\/wp-content\/uploads\/usu1039\/2024\/02\/foto6-300x217.jpg\" alt=\"\" width=\"300\" height=\"217\" srcset=\"https:\/\/agora.xtec.cat\/ceip-canpuig\/wp-content\/uploads\/usu1039\/2024\/02\/foto6-300x217.jpg 300w, https:\/\/agora.xtec.cat\/ceip-canpuig\/wp-content\/uploads\/usu1039\/2024\/02\/foto6-1024x742.jpg 1024w, https:\/\/agora.xtec.cat\/ceip-canpuig\/wp-content\/uploads\/usu1039\/2024\/02\/foto6-768x556.jpg 768w, https:\/\/agora.xtec.cat\/ceip-canpuig\/wp-content\/uploads\/usu1039\/2024\/02\/foto6-1536x1112.jpg 1536w, https:\/\/agora.xtec.cat\/ceip-canpuig\/wp-content\/uploads\/usu1039\/2024\/02\/foto6.jpg 1682w\" sizes=\"auto, (max-width: 300px) 100vw, 300px\" \/><\/p>\n<p><span style=\"font-weight: 400;\">Finalment vam recollir tot el que hav\u00edem treballat a la nostra <span style=\"color: #3978b8;\">carpeta d\u2019aprenentatge<\/span> i en vam fer una exposici\u00f3.<\/span><\/p>\n<p><img loading=\"lazy\" decoding=\"async\" class=\"alignnone wp-image-13215\" src=\"https:\/\/agora.xtec.cat\/ceip-canpuig\/wp-content\/uploads\/usu1039\/2024\/02\/foto7-300x225.jpg\" alt=\"\" width=\"383\" height=\"287\" srcset=\"https:\/\/agora.xtec.cat\/ceip-canpuig\/wp-content\/uploads\/usu1039\/2024\/02\/foto7-300x225.jpg 300w, https:\/\/agora.xtec.cat\/ceip-canpuig\/wp-content\/uploads\/usu1039\/2024\/02\/foto7-1024x770.jpg 1024w, https:\/\/agora.xtec.cat\/ceip-canpuig\/wp-content\/uploads\/usu1039\/2024\/02\/foto7-768x577.jpg 768w, https:\/\/agora.xtec.cat\/ceip-canpuig\/wp-content\/uploads\/usu1039\/2024\/02\/foto7-200x150.jpg 200w, https:\/\/agora.xtec.cat\/ceip-canpuig\/wp-content\/uploads\/usu1039\/2024\/02\/foto7.jpg 1280w\" sizes=\"auto, (max-width: 383px) 100vw, 383px\" \/><\/p>\n<p><span style=\"font-weight: 400;\">Per saber qu\u00e8 en podem aprendre dels nostres avantpassats Neol\u00edtics us convidem a veure\u2019n el nostre resultat final, clicant en aquest <a href=\"https:\/\/youtu.be\/Xp-OOVRltJc\">enlla\u00e7<\/a>.<\/span><\/p>\n","protected":false},"excerpt":{"rendered":"<p>A partir d\u2019una not\u00edcia que ens va arribar del Poblat Neol\u00edtic de la Draga, l&#8217;alumnat de 2n de cicle inicial vam plantejar-nos una pregunta: \u201cQu\u00e8 pod\u00edem aprendre dels nostres avantpassats Neol\u00edtics?\u201d.\u00a0<br \/>\nPrimerament vam fer una pluja d\u2019idees de tots els nostres coneixements previs i una vegada&hellip;  <a href=\"https:\/\/agora.xtec.cat\/ceip-canpuig\/portada\/que-podem-aprendre-dels-neolitics\/\" title=\"Read QU\u00c8 PODEM APRENDRE DELS NEOL\u00cdTICS?\">Llegeix m\u00e9s\u00bb<\/a><\/p>\n","protected":false},"author":1,"featured_media":13212,"comment_status":"closed","ping_status":"closed","sticky":false,"template":"","format":"standard","meta":{"_bbp_topic_count":0,"_bbp_reply_count":0,"_bbp_total_topic_count":0,"_bbp_total_reply_count":0,"_bbp_voice_count":0,"_bbp_anonymous_reply_count":0,"_bbp_topic_count_hidden":0,"_bbp_reply_count_hidden":0,"_bbp_forum_subforum_count":0,"footnotes":""},"categories":[11,140,96,4],"tags":[],"class_list":["post-13219","post","type-post","status-publish","format-standard","has-post-thumbnail","hentry","category-2n","category-curs-2023-2024","category-novetats","category-portada"],"post_mailing_queue_ids":[],"_links":{"self":[{"href":"https:\/\/agora.xtec.cat\/ceip-canpuig\/wp-json\/wp\/v2\/posts\/13219","targetHints":{"allow":["GET"]}}],"collection":[{"href":"https:\/\/agora.xtec.cat\/ceip-canpuig\/wp-json\/wp\/v2\/posts"}],"about":[{"href":"https:\/\/agora.xtec.cat\/ceip-canpuig\/wp-json\/wp\/v2\/types\/post"}],"author":[{"embeddable":true,"href":"https:\/\/agora.xtec.cat\/ceip-canpuig\/wp-json\/wp\/v2\/users\/1"}],"replies":[{"embeddable":true,"href":"https:\/\/agora.xtec.cat\/ceip-canpuig\/wp-json\/wp\/v2\/comments?post=13219"}],"version-history":[{"count":2,"href":"https:\/\/agora.xtec.cat\/ceip-canpuig\/wp-json\/wp\/v2\/posts\/13219\/revisions"}],"predecessor-version":[{"id":13221,"href":"https:\/\/agora.xtec.cat\/ceip-canpuig\/wp-json\/wp\/v2\/posts\/13219\/revisions\/13221"}],"wp:featuredmedia":[{"embeddable":true,"href":"https:\/\/agora.xtec.cat\/ceip-canpuig\/wp-json\/wp\/v2\/media\/13212"}],"wp:attachment":[{"href":"https:\/\/agora.xtec.cat\/ceip-canpuig\/wp-json\/wp\/v2\/media?parent=13219"}],"wp:term":[{"taxonomy":"category","embeddable":true,"href":"https:\/\/agora.xtec.cat\/ceip-canpuig\/wp-json\/wp\/v2\/categories?post=13219"},{"taxonomy":"post_tag","embeddable":true,"href":"https:\/\/agora.xtec.cat\/ceip-canpuig\/wp-json\/wp\/v2\/tags?post=13219"}],"curies":[{"name":"wp","href":"https:\/\/api.w.org\/{rel}","templated":true}]}}