{"id":13149,"date":"2024-01-31T10:13:06","date_gmt":"2024-01-31T09:13:06","guid":{"rendered":"https:\/\/agora.xtec.cat\/ceip-canpuig\/?p=13149"},"modified":"2024-01-31T10:13:06","modified_gmt":"2024-01-31T09:13:06","slug":"dia-escolar-de-la-no-violencia-i-la-pau","status":"publish","type":"post","link":"https:\/\/agora.xtec.cat\/ceip-canpuig\/portada\/dia-escolar-de-la-no-violencia-i-la-pau\/","title":{"rendered":"DIA ESCOLAR DE LA NO VIOL\u00c8NCIA I LA PAU"},"content":{"rendered":"<p><img loading=\"lazy\" decoding=\"async\" class=\"alignright size-medium wp-image-13150\" src=\"https:\/\/agora.xtec.cat\/ceip-canpuig\/wp-content\/uploads\/usu1039\/2024\/01\/IMG_5368-223x300.jpg\" alt=\"\" width=\"223\" height=\"300\" srcset=\"https:\/\/agora.xtec.cat\/ceip-canpuig\/wp-content\/uploads\/usu1039\/2024\/01\/IMG_5368-223x300.jpg 223w, https:\/\/agora.xtec.cat\/ceip-canpuig\/wp-content\/uploads\/usu1039\/2024\/01\/IMG_5368-762x1024.jpg 762w, https:\/\/agora.xtec.cat\/ceip-canpuig\/wp-content\/uploads\/usu1039\/2024\/01\/IMG_5368-768x1033.jpg 768w, https:\/\/agora.xtec.cat\/ceip-canpuig\/wp-content\/uploads\/usu1039\/2024\/01\/IMG_5368-1142x1536.jpg 1142w, https:\/\/agora.xtec.cat\/ceip-canpuig\/wp-content\/uploads\/usu1039\/2024\/01\/IMG_5368.jpg 1399w\" sizes=\"auto, (max-width: 223px) 100vw, 223px\" \/>Ahir, amb motiu del Dia Escolar de la No Viol\u00e8ncia i la Pau, vam dur a terme un petit acte conjunt amb tot l&#8217;alumnat i el claustre de l&#8217;escola on vam cantar i ballar la can\u00e7\u00f3 &#8220;Jo soc com tu&#8221; de The Tyets i la Fundaci\u00f3 Maresme. Can\u00e7\u00f3 creada per un esdeveniment inclusiu i solidari que pret\u00e9n visibilitzar i normalitzar el col\u00b7lectiu de persones amb discapacitat intel\u00b7lectual.<\/p>\n<p>A m\u00e9s, durant els dies anteriors, a les aules, vam estar treballant l&#8217;artista Judith Scott, una artista amb S\u00edndrome de Down i sordmuda que t\u00e9 un talent innat per fabricar escultures t\u00e8xtils. \u00c9s per aix\u00f2, que hem teixit un teler conjunt utilitzant la seva t\u00e8cnica. Us animem a que el vingueu a veure a l&#8217;entrada de l&#8217;escola.<\/p>\n<p><iframe loading=\"lazy\" title=\"DIA DE LA PAU 2024\" width=\"500\" height=\"281\" src=\"https:\/\/www.youtube.com\/embed\/17pxX8K1Krk?feature=oembed\" frameborder=\"0\" allow=\"accelerometer; autoplay; clipboard-write; encrypted-media; gyroscope; picture-in-picture; web-share\" referrerpolicy=\"strict-origin-when-cross-origin\" allowfullscreen><\/iframe><\/p>\n","protected":false},"excerpt":{"rendered":"<p>Ahir, amb motiu del Dia Escolar de la No Viol\u00e8ncia i la Pau, vam dur a terme un petit acte conjunt amb tot l&#8217;alumnat i el claustre de l&#8217;escola on vam cantar i ballar la can\u00e7\u00f3 &#8220;Jo soc com tu&#8221; de The Tyets i la&hellip;  <a href=\"https:\/\/agora.xtec.cat\/ceip-canpuig\/portada\/dia-escolar-de-la-no-violencia-i-la-pau\/\" title=\"Read DIA ESCOLAR DE LA NO VIOL\u00c8NCIA I LA PAU\">Llegeix m\u00e9s\u00bb<\/a><\/p>\n","protected":false},"author":1,"featured_media":13156,"comment_status":"closed","ping_status":"closed","sticky":false,"template":"","format":"standard","meta":{"_bbp_topic_count":0,"_bbp_reply_count":0,"_bbp_total_topic_count":0,"_bbp_total_reply_count":0,"_bbp_voice_count":0,"_bbp_anonymous_reply_count":0,"_bbp_topic_count_hidden":0,"_bbp_reply_count_hidden":0,"_bbp_forum_subforum_count":0,"footnotes":""},"categories":[140,96,4],"tags":[],"class_list":["post-13149","post","type-post","status-publish","format-standard","has-post-thumbnail","hentry","category-curs-2023-2024","category-novetats","category-portada"],"post_mailing_queue_ids":[],"_links":{"self":[{"href":"https:\/\/agora.xtec.cat\/ceip-canpuig\/wp-json\/wp\/v2\/posts\/13149","targetHints":{"allow":["GET"]}}],"collection":[{"href":"https:\/\/agora.xtec.cat\/ceip-canpuig\/wp-json\/wp\/v2\/posts"}],"about":[{"href":"https:\/\/agora.xtec.cat\/ceip-canpuig\/wp-json\/wp\/v2\/types\/post"}],"author":[{"embeddable":true,"href":"https:\/\/agora.xtec.cat\/ceip-canpuig\/wp-json\/wp\/v2\/users\/1"}],"replies":[{"embeddable":true,"href":"https:\/\/agora.xtec.cat\/ceip-canpuig\/wp-json\/wp\/v2\/comments?post=13149"}],"version-history":[{"count":5,"href":"https:\/\/agora.xtec.cat\/ceip-canpuig\/wp-json\/wp\/v2\/posts\/13149\/revisions"}],"predecessor-version":[{"id":13155,"href":"https:\/\/agora.xtec.cat\/ceip-canpuig\/wp-json\/wp\/v2\/posts\/13149\/revisions\/13155"}],"wp:featuredmedia":[{"embeddable":true,"href":"https:\/\/agora.xtec.cat\/ceip-canpuig\/wp-json\/wp\/v2\/media\/13156"}],"wp:attachment":[{"href":"https:\/\/agora.xtec.cat\/ceip-canpuig\/wp-json\/wp\/v2\/media?parent=13149"}],"wp:term":[{"taxonomy":"category","embeddable":true,"href":"https:\/\/agora.xtec.cat\/ceip-canpuig\/wp-json\/wp\/v2\/categories?post=13149"},{"taxonomy":"post_tag","embeddable":true,"href":"https:\/\/agora.xtec.cat\/ceip-canpuig\/wp-json\/wp\/v2\/tags?post=13149"}],"curies":[{"name":"wp","href":"https:\/\/api.w.org\/{rel}","templated":true}]}}