{"id":12794,"date":"2023-05-04T17:15:08","date_gmt":"2023-05-04T15:15:08","guid":{"rendered":"https:\/\/agora.xtec.cat\/ceip-canpuig\/?p=12794"},"modified":"2023-05-04T17:15:51","modified_gmt":"2023-05-04T15:15:51","slug":"beques-de-menjador-curs-2023-2024","status":"publish","type":"post","link":"https:\/\/agora.xtec.cat\/ceip-canpuig\/portada\/beques-de-menjador-curs-2023-2024\/","title":{"rendered":"AJUT DE MENJADOR CURS 2023-2024"},"content":{"rendered":"<p>Us informem que el termini per a la presentaci\u00f3 de sol\u00b7licituds d&#8217;ajut de menjador escolar per al proper curs 2023-2024 ser\u00e0 del <strong>10<\/strong><strong> al 31 de maig de 2023<\/strong>, ambd\u00f3s dies inclosos.<\/p>\n<p>L\u2019impr\u00e8s de sol\u00b7licitud es pot presentar en dues modalitats:<\/p>\n<ul>\n<li>Telem\u00e0tica (preferiblement), mitjan\u00e7ant el tr\u00e0mit \u201cInst\u00e0ncia gen\u00e8rica\u201d de la Seu Electr\u00f2nica (<strong><a href=\"https:\/\/www.seu-e.cat\/ca\/web\/ccpladelestany\/seu-electronica\" target=\"_blank\" rel=\"noopener noreferrer\">https:\/\/www.seu-e.cat\/ca\/web\/ccpladelestany\/seu-electronica<\/a><\/strong>), al Registre Electr\u00f2nic del Consell Comarcal.<\/li>\n<li>Presencial, a la seu del Consell Comarcal (C\/ Catalunya, 48, de Banyoles), de 9:00h a 14:00h.<br \/>\nEn aquest cas, <strong>cal demanar cita pr\u00e8via al Consell Comarcal (<a style=\"color: #2795b6; font-weight: 400;\" href=\"https:\/\/citaprevia.plaestany.cat\/\" target=\"_blank\" rel=\"noopener noreferrer\"><strong>https:\/\/citaprevia.plaestany.cat\/<\/strong><\/a>) i \u00e9s obligatori portar la sol\u00b7licitud omplerta, juntament amb la documentaci\u00f3 que correspongui.<\/strong><\/li>\n<li>Presencial, al centre d&#8217;ensenyament. En aquest cas, <strong>\u00e9s obligatori portar la sol\u00b7licitud omplerta, juntament amb la documentaci\u00f3 que correspongui.<\/strong><\/li>\n<\/ul>\n<p>En aquest\u00a0<a href=\"https:\/\/www.plaestany.cat\/Les-%C3%A0rees\/Educaci%C3%B3\/Ajuts-de-menjador\"><strong>enlla\u00e7<\/strong><\/a>\u00a0es recull la informaci\u00f3 general d\u2019aquesta convocat\u00f2ria.<\/p>\n<p>&nbsp;<\/p>\n<p><img loading=\"lazy\" decoding=\"async\" class=\"alignleft size-full wp-image-12806\" src=\"https:\/\/agora.xtec.cat\/ceip-canpuig\/wp-content\/uploads\/usu1039\/2023\/05\/Menjador.jpg\" alt=\"\" width=\"640\" height=\"427\" srcset=\"https:\/\/agora.xtec.cat\/ceip-canpuig\/wp-content\/uploads\/usu1039\/2023\/05\/Menjador.jpg 640w, https:\/\/agora.xtec.cat\/ceip-canpuig\/wp-content\/uploads\/usu1039\/2023\/05\/Menjador-300x200.jpg 300w\" sizes=\"auto, (max-width: 640px) 100vw, 640px\" \/><\/p>\n","protected":false},"excerpt":{"rendered":"<p>Us informem que el termini per a la presentaci\u00f3 de sol\u00b7licituds d&#8217;ajut de menjador escolar per al proper curs 2023-2024 ser\u00e0 del 10 al 31 de maig de 2023, ambd\u00f3s dies inclosos.<br \/>\nL\u2019impr\u00e8s de sol\u00b7licitud es pot presentar en dues modalitats:<\/p>\n<ul>\n<li>Telem\u00e0tica (preferiblement), mitjan\u00e7ant el tr\u00e0mit \u201cInst\u00e0ncia&hellip;  <a href=\"https:\/\/agora.xtec.cat\/ceip-canpuig\/portada\/beques-de-menjador-curs-2023-2024\/\" title=\"Read AJUT DE MENJADOR CURS 2023-2024\">Llegeix m\u00e9s\u00bb<\/a><br \/>\n","protected":false},"author":1,"featured_media":0,"comment_status":"closed","ping_status":"closed","sticky":false,"template":"","format":"standard","meta":{"_bbp_topic_count":0,"_bbp_reply_count":0,"_bbp_total_topic_count":0,"_bbp_total_reply_count":0,"_bbp_voice_count":0,"_bbp_anonymous_reply_count":0,"_bbp_topic_count_hidden":0,"_bbp_reply_count_hidden":0,"_bbp_forum_subforum_count":0,"footnotes":""},"categories":[135,96,4],"tags":[],"class_list":["post-12794","post","type-post","status-publish","format-standard","hentry","category-curs-2022-2023","category-novetats","category-portada"],"post_mailing_queue_ids":[],"_links":{"self":[{"href":"https:\/\/agora.xtec.cat\/ceip-canpuig\/wp-json\/wp\/v2\/posts\/12794","targetHints":{"allow":["GET"]}}],"collection":[{"href":"https:\/\/agora.xtec.cat\/ceip-canpuig\/wp-json\/wp\/v2\/posts"}],"about":[{"href":"https:\/\/agora.xtec.cat\/ceip-canpuig\/wp-json\/wp\/v2\/types\/post"}],"author":[{"embeddable":true,"href":"https:\/\/agora.xtec.cat\/ceip-canpuig\/wp-json\/wp\/v2\/users\/1"}],"replies":[{"embeddable":true,"href":"https:\/\/agora.xtec.cat\/ceip-canpuig\/wp-json\/wp\/v2\/comments?post=12794"}],"version-history":[{"count":3,"href":"https:\/\/agora.xtec.cat\/ceip-canpuig\/wp-json\/wp\/v2\/posts\/12794\/revisions"}],"predecessor-version":[{"id":12808,"href":"https:\/\/agora.xtec.cat\/ceip-canpuig\/wp-json\/wp\/v2\/posts\/12794\/revisions\/12808"}],"wp:attachment":[{"href":"https:\/\/agora.xtec.cat\/ceip-canpuig\/wp-json\/wp\/v2\/media?parent=12794"}],"wp:term":[{"taxonomy":"category","embeddable":true,"href":"https:\/\/agora.xtec.cat\/ceip-canpuig\/wp-json\/wp\/v2\/categories?post=12794"},{"taxonomy":"post_tag","embeddable":true,"href":"https:\/\/agora.xtec.cat\/ceip-canpuig\/wp-json\/wp\/v2\/tags?post=12794"}],"curies":[{"name":"wp","href":"https:\/\/api.w.org\/{rel}","templated":true}]}}