{"id":12584,"date":"2022-11-04T20:29:22","date_gmt":"2022-11-04T19:29:22","guid":{"rendered":"https:\/\/agora.xtec.cat\/ceip-canpuig\/?p=12584"},"modified":"2023-10-31T18:55:53","modified_gmt":"2023-10-31T17:55:53","slug":"festa-de-la-castanyada","status":"publish","type":"post","link":"https:\/\/agora.xtec.cat\/ceip-canpuig\/portada\/festa-de-la-castanyada\/","title":{"rendered":"FESTA DE LA CASTANYADA"},"content":{"rendered":"<p>Avui a l&#8217;escola hem celebrat la festa de la Castanyada.<\/p>\n<p>Durant el mat\u00ed els alumnes d&#8217;Educaci\u00f3 Infantil hem rebut la visita de la Castanyera i llavors juntament amb l&#8217;alumnat de Prim\u00e0ria ens hem trobat a la pista per fer la ballada de danses tradicionals. A la tarda, ens hem tornat a trobar tots per acabar la jornada fent la menjada de castanyes. Eren bon\u00edssimes!<\/p>\n<p>Us compartim un recull de v\u00eddeos i imatges del dia, esperem que les gaudiu.<\/p>\n<p>Bona castanyada!<\/p>\n<p><iframe loading=\"lazy\" title=\"Castanyada 2022\" width=\"500\" height=\"281\" src=\"https:\/\/www.youtube.com\/embed\/nNcFDOPDYVQ?feature=oembed\" frameborder=\"0\" allow=\"accelerometer; autoplay; clipboard-write; encrypted-media; gyroscope; picture-in-picture; web-share\" referrerpolicy=\"strict-origin-when-cross-origin\" allowfullscreen><\/iframe><\/p>\n","protected":false},"excerpt":{"rendered":"<p>Avui a l&#8217;escola hem celebrat la festa de la Castanyada.<br \/>\nDurant el mat\u00ed els alumnes d&#8217;Educaci\u00f3 Infantil hem rebut la visita de la Castanyera i llavors juntament amb l&#8217;alumnat de Prim\u00e0ria ens hem trobat a la pista per fer la ballada de danses tradicionals. A la&hellip;  <a href=\"https:\/\/agora.xtec.cat\/ceip-canpuig\/portada\/festa-de-la-castanyada\/\" title=\"Read FESTA DE LA CASTANYADA\">Llegeix m\u00e9s\u00bb<\/a><\/p>\n","protected":false},"author":1,"featured_media":12594,"comment_status":"closed","ping_status":"closed","sticky":false,"template":"","format":"standard","meta":{"_bbp_topic_count":0,"_bbp_reply_count":0,"_bbp_total_topic_count":0,"_bbp_total_reply_count":0,"_bbp_voice_count":0,"_bbp_anonymous_reply_count":0,"_bbp_topic_count_hidden":0,"_bbp_reply_count_hidden":0,"_bbp_forum_subforum_count":0,"footnotes":""},"categories":[135,96,4],"tags":[],"class_list":["post-12584","post","type-post","status-publish","format-standard","has-post-thumbnail","hentry","category-curs-2022-2023","category-novetats","category-portada"],"post_mailing_queue_ids":[],"_links":{"self":[{"href":"https:\/\/agora.xtec.cat\/ceip-canpuig\/wp-json\/wp\/v2\/posts\/12584","targetHints":{"allow":["GET"]}}],"collection":[{"href":"https:\/\/agora.xtec.cat\/ceip-canpuig\/wp-json\/wp\/v2\/posts"}],"about":[{"href":"https:\/\/agora.xtec.cat\/ceip-canpuig\/wp-json\/wp\/v2\/types\/post"}],"author":[{"embeddable":true,"href":"https:\/\/agora.xtec.cat\/ceip-canpuig\/wp-json\/wp\/v2\/users\/1"}],"replies":[{"embeddable":true,"href":"https:\/\/agora.xtec.cat\/ceip-canpuig\/wp-json\/wp\/v2\/comments?post=12584"}],"version-history":[{"count":5,"href":"https:\/\/agora.xtec.cat\/ceip-canpuig\/wp-json\/wp\/v2\/posts\/12584\/revisions"}],"predecessor-version":[{"id":13052,"href":"https:\/\/agora.xtec.cat\/ceip-canpuig\/wp-json\/wp\/v2\/posts\/12584\/revisions\/13052"}],"wp:featuredmedia":[{"embeddable":true,"href":"https:\/\/agora.xtec.cat\/ceip-canpuig\/wp-json\/wp\/v2\/media\/12594"}],"wp:attachment":[{"href":"https:\/\/agora.xtec.cat\/ceip-canpuig\/wp-json\/wp\/v2\/media?parent=12584"}],"wp:term":[{"taxonomy":"category","embeddable":true,"href":"https:\/\/agora.xtec.cat\/ceip-canpuig\/wp-json\/wp\/v2\/categories?post=12584"},{"taxonomy":"post_tag","embeddable":true,"href":"https:\/\/agora.xtec.cat\/ceip-canpuig\/wp-json\/wp\/v2\/tags?post=12584"}],"curies":[{"name":"wp","href":"https:\/\/api.w.org\/{rel}","templated":true}]}}