{"id":12451,"date":"2022-06-08T14:52:58","date_gmt":"2022-06-08T12:52:58","guid":{"rendered":"https:\/\/agora.xtec.cat\/ceip-canpuig\/?p=12451"},"modified":"2022-06-08T14:52:58","modified_gmt":"2022-06-08T12:52:58","slug":"representacions-teatrals","status":"publish","type":"post","link":"https:\/\/agora.xtec.cat\/ceip-canpuig\/portada\/representacions-teatrals\/","title":{"rendered":"REPRESENTACIONS TEATRALS"},"content":{"rendered":"<p>Des de fa anys, a l&#8217;escola s&#8217;est\u00e0 duent a terme el <strong>Projecte de Teatre amb els alumnes de 6\u00e8<\/strong> per refor\u00e7ar les habilitats comunicatives, estimular la creativitat i potenciar el treball en equip. Al llarg d&#8217;aquest curs han confeccionat la seva pr\u00f2pia obra sota la direcci\u00f3 de la Llum Valle.<\/p>\n<p>Aix\u00ed mateix, dins la programaci\u00f3 d&#8217;<strong>activitats extraescolars<\/strong>, s&#8217;est\u00e0 portant a terme la de teatre amb l&#8217;alumnat d&#8217;Infantil, Cicle Inicial, Cicle Mitj\u00e0 i 5\u00e8 de Prim\u00e0ria.<\/p>\n<p>Ara que ja hem arribat a final de curs, volem compartir amb vosaltres els seus progressos i el treball final. \u00c9s per aix\u00f2 que s&#8217;han programat les representacions teatrals el proper <strong>dijous 9 de juny al Teatre Municipal de Banyoles<\/strong>.<\/p>\n<p>Us hi esperem!<\/p>\n<p><img loading=\"lazy\" decoding=\"async\" class=\"alignleft size-large wp-image-12452\" src=\"https:\/\/agora.xtec.cat\/ceip-canpuig\/wp-content\/uploads\/usu1039\/2022\/06\/REPRESENTACIONS-AL-TEATRE-MUNICIPAL-DE-BANYOLES_Escola-Can-Puig-1024x1024.png\" alt=\"\" width=\"1024\" height=\"1024\" srcset=\"https:\/\/agora.xtec.cat\/ceip-canpuig\/wp-content\/uploads\/usu1039\/2022\/06\/REPRESENTACIONS-AL-TEATRE-MUNICIPAL-DE-BANYOLES_Escola-Can-Puig-1024x1024.png 1024w, https:\/\/agora.xtec.cat\/ceip-canpuig\/wp-content\/uploads\/usu1039\/2022\/06\/REPRESENTACIONS-AL-TEATRE-MUNICIPAL-DE-BANYOLES_Escola-Can-Puig-300x300.png 300w, https:\/\/agora.xtec.cat\/ceip-canpuig\/wp-content\/uploads\/usu1039\/2022\/06\/REPRESENTACIONS-AL-TEATRE-MUNICIPAL-DE-BANYOLES_Escola-Can-Puig-150x150.png 150w, https:\/\/agora.xtec.cat\/ceip-canpuig\/wp-content\/uploads\/usu1039\/2022\/06\/REPRESENTACIONS-AL-TEATRE-MUNICIPAL-DE-BANYOLES_Escola-Can-Puig-768x768.png 768w, https:\/\/agora.xtec.cat\/ceip-canpuig\/wp-content\/uploads\/usu1039\/2022\/06\/REPRESENTACIONS-AL-TEATRE-MUNICIPAL-DE-BANYOLES_Escola-Can-Puig.png 1080w\" sizes=\"auto, (max-width: 1024px) 100vw, 1024px\" \/><\/p>\n","protected":false},"excerpt":{"rendered":"<p>Des de fa anys, a l&#8217;escola s&#8217;est\u00e0 duent a terme el Projecte de Teatre amb els alumnes de 6\u00e8 per refor\u00e7ar les habilitats comunicatives, estimular la creativitat i potenciar el treball en equip. Al llarg d&#8217;aquest curs han confeccionat la seva pr\u00f2pia obra sota la&hellip;  <a href=\"https:\/\/agora.xtec.cat\/ceip-canpuig\/portada\/representacions-teatrals\/\" title=\"Read REPRESENTACIONS TEATRALS\">Llegeix m\u00e9s\u00bb<\/a><\/p>\n","protected":false},"author":1,"featured_media":0,"comment_status":"closed","ping_status":"closed","sticky":false,"template":"","format":"standard","meta":{"_bbp_topic_count":0,"_bbp_reply_count":0,"_bbp_total_topic_count":0,"_bbp_total_reply_count":0,"_bbp_voice_count":0,"_bbp_anonymous_reply_count":0,"_bbp_topic_count_hidden":0,"_bbp_reply_count_hidden":0,"_bbp_forum_subforum_count":0,"footnotes":""},"categories":[131,96,4],"tags":[],"class_list":["post-12451","post","type-post","status-publish","format-standard","hentry","category-curs-2021-2022","category-novetats","category-portada"],"post_mailing_queue_ids":[],"_links":{"self":[{"href":"https:\/\/agora.xtec.cat\/ceip-canpuig\/wp-json\/wp\/v2\/posts\/12451","targetHints":{"allow":["GET"]}}],"collection":[{"href":"https:\/\/agora.xtec.cat\/ceip-canpuig\/wp-json\/wp\/v2\/posts"}],"about":[{"href":"https:\/\/agora.xtec.cat\/ceip-canpuig\/wp-json\/wp\/v2\/types\/post"}],"author":[{"embeddable":true,"href":"https:\/\/agora.xtec.cat\/ceip-canpuig\/wp-json\/wp\/v2\/users\/1"}],"replies":[{"embeddable":true,"href":"https:\/\/agora.xtec.cat\/ceip-canpuig\/wp-json\/wp\/v2\/comments?post=12451"}],"version-history":[{"count":1,"href":"https:\/\/agora.xtec.cat\/ceip-canpuig\/wp-json\/wp\/v2\/posts\/12451\/revisions"}],"predecessor-version":[{"id":12453,"href":"https:\/\/agora.xtec.cat\/ceip-canpuig\/wp-json\/wp\/v2\/posts\/12451\/revisions\/12453"}],"wp:attachment":[{"href":"https:\/\/agora.xtec.cat\/ceip-canpuig\/wp-json\/wp\/v2\/media?parent=12451"}],"wp:term":[{"taxonomy":"category","embeddable":true,"href":"https:\/\/agora.xtec.cat\/ceip-canpuig\/wp-json\/wp\/v2\/categories?post=12451"},{"taxonomy":"post_tag","embeddable":true,"href":"https:\/\/agora.xtec.cat\/ceip-canpuig\/wp-json\/wp\/v2\/tags?post=12451"}],"curies":[{"name":"wp","href":"https:\/\/api.w.org\/{rel}","templated":true}]}}