{"id":12384,"date":"2022-04-27T11:47:00","date_gmt":"2022-04-27T09:47:00","guid":{"rendered":"https:\/\/agora.xtec.cat\/ceip-canpuig\/?p=12384"},"modified":"2022-04-27T11:47:00","modified_gmt":"2022-04-27T09:47:00","slug":"beques-de-menjador-curs-2022-2023","status":"publish","type":"post","link":"https:\/\/agora.xtec.cat\/ceip-canpuig\/portada\/beques-de-menjador-curs-2022-2023\/","title":{"rendered":"BEQUES DE MENJADOR CURS 2022-2023"},"content":{"rendered":"<p>Us informem que el termini per a la presentaci\u00f3 de sol\u00b7licituds d&#8217;ajut de menjador escolar per al proper curs 2022-2023 ser\u00e0 del <strong>2 al 20 de maig de 2022<\/strong>, ambd\u00f3s dies inclosos.<\/p>\n<p>L\u2019impr\u00e8s de sol\u00b7licitud es pot presentar en dues modalitats:<\/p>\n<ul>\n<li>Telem\u00e0tica (preferiblement), mitjan\u00e7ant el tr\u00e0mit \u201cInst\u00e0ncia gen\u00e8rica\u201d de la Seu Electr\u00f2nica (<strong><a href=\"https:\/\/www.seu-e.cat\/ca\/web\/ccpladelestany\/seu-electronica\" target=\"_blank\" rel=\"noopener noreferrer\">https:\/\/www.seu-e.cat\/ca\/web\/ccpladelestany\/seu-electronica<\/a><\/strong>), al Registre Electr\u00f2nic del Consell Comarcal.<\/li>\n<li>Presencial, a la seu del Consell Comarcal (C\/ Catalunya, 48, de Banyoles), de 9:00h a 14:00h.<br \/>\n<strong>En aquest cas, cal demanar cita pr\u00e8via al Consell Comarcal, per acordar dia i hora de presentaci\u00f3 de la sol\u00b7licitud, mitjan\u00e7ant l\u2019enlla\u00e7 web seg\u00fcent:<\/strong><a href=\"https:\/\/citaprevia.plaestany.cat\/\" target=\"_blank\" rel=\"noopener noreferrer\"><strong>\u00a0https:\/\/citaprevia.plaestany.cat\/<\/strong><\/a><\/li>\n<\/ul>\n<p>En aquest\u00a0<a href=\"https:\/\/www.plaestany.cat\/Les-%C3%A0rees\/Educaci%C3%B3\/Ajuts-de-menjador\">enlla\u00e7<\/a>\u00a0es recull la informaci\u00f3 general d\u2019aquesta convocat\u00f2ria.<\/p>\n<p><img loading=\"lazy\" decoding=\"async\" class=\"alignleft size-full wp-image-12381\" src=\"https:\/\/agora.xtec.cat\/ceip-canpuig\/wp-content\/uploads\/usu1039\/2022\/04\/MENJADOR.jpg\" alt=\"\" width=\"496\" height=\"332\" srcset=\"https:\/\/agora.xtec.cat\/ceip-canpuig\/wp-content\/uploads\/usu1039\/2022\/04\/MENJADOR.jpg 496w, https:\/\/agora.xtec.cat\/ceip-canpuig\/wp-content\/uploads\/usu1039\/2022\/04\/MENJADOR-300x201.jpg 300w\" sizes=\"auto, (max-width: 496px) 100vw, 496px\" \/><\/p>\n","protected":false},"excerpt":{"rendered":"<p>Us informem que el termini per a la presentaci\u00f3 de sol\u00b7licituds d&#8217;ajut de menjador escolar per al proper curs 2022-2023 ser\u00e0 del 2 al 20 de maig de 2022, ambd\u00f3s dies inclosos.<br \/>\nL\u2019impr\u00e8s de sol\u00b7licitud es pot presentar en dues modalitats:<\/p>\n<ul>\n<li>Telem\u00e0tica (preferiblement), mitjan\u00e7ant el tr\u00e0mit \u201cInst\u00e0ncia&hellip;  <a href=\"https:\/\/agora.xtec.cat\/ceip-canpuig\/portada\/beques-de-menjador-curs-2022-2023\/\" title=\"Read BEQUES DE MENJADOR CURS 2022-2023\">Llegeix m\u00e9s\u00bb<\/a><br \/>\n","protected":false},"author":1,"featured_media":0,"comment_status":"closed","ping_status":"closed","sticky":false,"template":"","format":"standard","meta":{"_bbp_topic_count":0,"_bbp_reply_count":0,"_bbp_total_topic_count":0,"_bbp_total_reply_count":0,"_bbp_voice_count":0,"_bbp_anonymous_reply_count":0,"_bbp_topic_count_hidden":0,"_bbp_reply_count_hidden":0,"_bbp_forum_subforum_count":0,"footnotes":""},"categories":[131,96,4],"tags":[],"class_list":["post-12384","post","type-post","status-publish","format-standard","hentry","category-curs-2021-2022","category-novetats","category-portada"],"post_mailing_queue_ids":[],"_links":{"self":[{"href":"https:\/\/agora.xtec.cat\/ceip-canpuig\/wp-json\/wp\/v2\/posts\/12384","targetHints":{"allow":["GET"]}}],"collection":[{"href":"https:\/\/agora.xtec.cat\/ceip-canpuig\/wp-json\/wp\/v2\/posts"}],"about":[{"href":"https:\/\/agora.xtec.cat\/ceip-canpuig\/wp-json\/wp\/v2\/types\/post"}],"author":[{"embeddable":true,"href":"https:\/\/agora.xtec.cat\/ceip-canpuig\/wp-json\/wp\/v2\/users\/1"}],"replies":[{"embeddable":true,"href":"https:\/\/agora.xtec.cat\/ceip-canpuig\/wp-json\/wp\/v2\/comments?post=12384"}],"version-history":[{"count":1,"href":"https:\/\/agora.xtec.cat\/ceip-canpuig\/wp-json\/wp\/v2\/posts\/12384\/revisions"}],"predecessor-version":[{"id":12385,"href":"https:\/\/agora.xtec.cat\/ceip-canpuig\/wp-json\/wp\/v2\/posts\/12384\/revisions\/12385"}],"wp:attachment":[{"href":"https:\/\/agora.xtec.cat\/ceip-canpuig\/wp-json\/wp\/v2\/media?parent=12384"}],"wp:term":[{"taxonomy":"category","embeddable":true,"href":"https:\/\/agora.xtec.cat\/ceip-canpuig\/wp-json\/wp\/v2\/categories?post=12384"},{"taxonomy":"post_tag","embeddable":true,"href":"https:\/\/agora.xtec.cat\/ceip-canpuig\/wp-json\/wp\/v2\/tags?post=12384"}],"curies":[{"name":"wp","href":"https:\/\/api.w.org\/{rel}","templated":true}]}}