{"id":12334,"date":"2022-03-22T08:56:22","date_gmt":"2022-03-22T07:56:22","guid":{"rendered":"https:\/\/agora.xtec.cat\/ceip-canpuig\/?p=12334"},"modified":"2022-03-22T08:56:22","modified_gmt":"2022-03-22T07:56:22","slug":"carnestoltes-consigna-per-dimecres","status":"publish","type":"post","link":"https:\/\/agora.xtec.cat\/ceip-canpuig\/portada\/carnestoltes-consigna-per-dimecres\/","title":{"rendered":"CARNESTOLTES: CONSIGNA PER DIMECRES"},"content":{"rendered":"<p>Ja tenim les consignes de Carnestoltes aqu\u00ed!<br \/>\nUn any m\u00e9s, els alumnes de 6\u00e8 s\u00f3n els que les han pensat, per\u00f2 aquesta vegada, seran els nens i nenes de 4t els que cada dia ens anunciaran la consigna per l\u2019endem\u00e0. Aqu\u00ed teniu la primera&#8230;<\/p>\n<p><iframe loading=\"lazy\" title=\"CONSIGNA CARNESTOLTES 2022 - DIMECRES\" width=\"500\" height=\"281\" src=\"https:\/\/www.youtube.com\/embed\/v5or24el8wQ?feature=oembed\" frameborder=\"0\" allow=\"accelerometer; autoplay; clipboard-write; encrypted-media; gyroscope; picture-in-picture; web-share\" referrerpolicy=\"strict-origin-when-cross-origin\" allowfullscreen><\/iframe><\/p>\n","protected":false},"excerpt":{"rendered":"<p>Ja tenim les consignes de Carnestoltes aqu\u00ed!<br \/>\nUn any m\u00e9s, els alumnes de 6\u00e8 s\u00f3n els que les han pensat, per\u00f2 aquesta vegada, seran els nens i nenes de 4t els que cada dia ens anunciaran la consigna per l\u2019endem\u00e0. Aqu\u00ed teniu la primera&#8230;<\/p>\n","protected":false},"author":1,"featured_media":12336,"comment_status":"closed","ping_status":"closed","sticky":false,"template":"","format":"standard","meta":{"_bbp_topic_count":0,"_bbp_reply_count":0,"_bbp_total_topic_count":0,"_bbp_total_reply_count":0,"_bbp_voice_count":0,"_bbp_anonymous_reply_count":0,"_bbp_topic_count_hidden":0,"_bbp_reply_count_hidden":0,"_bbp_forum_subforum_count":0,"footnotes":""},"categories":[131,96,4],"tags":[],"class_list":["post-12334","post","type-post","status-publish","format-standard","has-post-thumbnail","hentry","category-curs-2021-2022","category-novetats","category-portada"],"post_mailing_queue_ids":[],"_links":{"self":[{"href":"https:\/\/agora.xtec.cat\/ceip-canpuig\/wp-json\/wp\/v2\/posts\/12334","targetHints":{"allow":["GET"]}}],"collection":[{"href":"https:\/\/agora.xtec.cat\/ceip-canpuig\/wp-json\/wp\/v2\/posts"}],"about":[{"href":"https:\/\/agora.xtec.cat\/ceip-canpuig\/wp-json\/wp\/v2\/types\/post"}],"author":[{"embeddable":true,"href":"https:\/\/agora.xtec.cat\/ceip-canpuig\/wp-json\/wp\/v2\/users\/1"}],"replies":[{"embeddable":true,"href":"https:\/\/agora.xtec.cat\/ceip-canpuig\/wp-json\/wp\/v2\/comments?post=12334"}],"version-history":[{"count":1,"href":"https:\/\/agora.xtec.cat\/ceip-canpuig\/wp-json\/wp\/v2\/posts\/12334\/revisions"}],"predecessor-version":[{"id":12335,"href":"https:\/\/agora.xtec.cat\/ceip-canpuig\/wp-json\/wp\/v2\/posts\/12334\/revisions\/12335"}],"wp:featuredmedia":[{"embeddable":true,"href":"https:\/\/agora.xtec.cat\/ceip-canpuig\/wp-json\/wp\/v2\/media\/12336"}],"wp:attachment":[{"href":"https:\/\/agora.xtec.cat\/ceip-canpuig\/wp-json\/wp\/v2\/media?parent=12334"}],"wp:term":[{"taxonomy":"category","embeddable":true,"href":"https:\/\/agora.xtec.cat\/ceip-canpuig\/wp-json\/wp\/v2\/categories?post=12334"},{"taxonomy":"post_tag","embeddable":true,"href":"https:\/\/agora.xtec.cat\/ceip-canpuig\/wp-json\/wp\/v2\/tags?post=12334"}],"curies":[{"name":"wp","href":"https:\/\/api.w.org\/{rel}","templated":true}]}}