{"id":12321,"date":"2022-03-08T18:25:29","date_gmt":"2022-03-08T17:25:29","guid":{"rendered":"https:\/\/agora.xtec.cat\/ceip-canpuig\/?p=12321"},"modified":"2022-03-08T18:25:29","modified_gmt":"2022-03-08T17:25:29","slug":"dia-de-la-dona","status":"publish","type":"post","link":"https:\/\/agora.xtec.cat\/ceip-canpuig\/portada\/dia-de-la-dona\/","title":{"rendered":"DIA DE LA DONA"},"content":{"rendered":"<p>Avui 8 de mar\u00e7, dia de la dona treballadora, us volem compartir la &#8220;Can\u00e7\u00f3 de fer cam\u00ed&#8221; de la maria Merc\u00e8 Mar\u00e7al! Seguim navegant endavant!!!<\/p>\n<p><iframe loading=\"lazy\" title=\"Canc\u0327o\u0301 de fer cami\u0301 - Escola Can Puig\" width=\"500\" height=\"281\" src=\"https:\/\/www.youtube.com\/embed\/42iRlut9uzQ?feature=oembed\" frameborder=\"0\" allow=\"accelerometer; autoplay; clipboard-write; encrypted-media; gyroscope; picture-in-picture; web-share\" referrerpolicy=\"strict-origin-when-cross-origin\" allowfullscreen><\/iframe><\/p>\n","protected":false},"excerpt":{"rendered":"<p>Avui 8 de mar\u00e7, dia de la dona treballadora, us volem compartir la &#8220;Can\u00e7\u00f3 de fer cam\u00ed&#8221; de la maria Merc\u00e8 Mar\u00e7al! Seguim navegant endavant!!!<\/p>\n","protected":false},"author":1,"featured_media":12322,"comment_status":"closed","ping_status":"closed","sticky":false,"template":"","format":"standard","meta":{"_bbp_topic_count":0,"_bbp_reply_count":0,"_bbp_total_topic_count":0,"_bbp_total_reply_count":0,"_bbp_voice_count":0,"_bbp_anonymous_reply_count":0,"_bbp_topic_count_hidden":0,"_bbp_reply_count_hidden":0,"_bbp_forum_subforum_count":0,"footnotes":""},"categories":[131,96,4],"tags":[],"class_list":["post-12321","post","type-post","status-publish","format-standard","has-post-thumbnail","hentry","category-curs-2021-2022","category-novetats","category-portada"],"post_mailing_queue_ids":[],"_links":{"self":[{"href":"https:\/\/agora.xtec.cat\/ceip-canpuig\/wp-json\/wp\/v2\/posts\/12321","targetHints":{"allow":["GET"]}}],"collection":[{"href":"https:\/\/agora.xtec.cat\/ceip-canpuig\/wp-json\/wp\/v2\/posts"}],"about":[{"href":"https:\/\/agora.xtec.cat\/ceip-canpuig\/wp-json\/wp\/v2\/types\/post"}],"author":[{"embeddable":true,"href":"https:\/\/agora.xtec.cat\/ceip-canpuig\/wp-json\/wp\/v2\/users\/1"}],"replies":[{"embeddable":true,"href":"https:\/\/agora.xtec.cat\/ceip-canpuig\/wp-json\/wp\/v2\/comments?post=12321"}],"version-history":[{"count":1,"href":"https:\/\/agora.xtec.cat\/ceip-canpuig\/wp-json\/wp\/v2\/posts\/12321\/revisions"}],"predecessor-version":[{"id":12323,"href":"https:\/\/agora.xtec.cat\/ceip-canpuig\/wp-json\/wp\/v2\/posts\/12321\/revisions\/12323"}],"wp:featuredmedia":[{"embeddable":true,"href":"https:\/\/agora.xtec.cat\/ceip-canpuig\/wp-json\/wp\/v2\/media\/12322"}],"wp:attachment":[{"href":"https:\/\/agora.xtec.cat\/ceip-canpuig\/wp-json\/wp\/v2\/media?parent=12321"}],"wp:term":[{"taxonomy":"category","embeddable":true,"href":"https:\/\/agora.xtec.cat\/ceip-canpuig\/wp-json\/wp\/v2\/categories?post=12321"},{"taxonomy":"post_tag","embeddable":true,"href":"https:\/\/agora.xtec.cat\/ceip-canpuig\/wp-json\/wp\/v2\/tags?post=12321"}],"curies":[{"name":"wp","href":"https:\/\/api.w.org\/{rel}","templated":true}]}}