{"id":12284,"date":"2022-02-24T22:03:18","date_gmt":"2022-02-24T21:03:18","guid":{"rendered":"https:\/\/agora.xtec.cat\/ceip-canpuig\/?p=12284"},"modified":"2022-02-24T22:04:30","modified_gmt":"2022-02-24T21:04:30","slug":"dimecres-i-dijous-llarder","status":"publish","type":"post","link":"https:\/\/agora.xtec.cat\/ceip-canpuig\/portada\/dimecres-i-dijous-llarder\/","title":{"rendered":"DIMECRES I DIJOUS LLARDER"},"content":{"rendered":"<p>Aquest any hem pogut tornar a gaudir dels tradicionals Dimecres i Dijous Llarder.<\/p>\n<p>Els m\u00e9s petits, els nens i nenes de P3 i P4, ho han celebrat al Bosc de Can Puig, i P5 han anat tot passejant fins al Parc de la Draga i han anat a fer una volta amb la Tirona.<\/p>\n<p>Els alumnes de Cicle Inicial s&#8217;han divertit muntant cabanes al Bosc de Mi\u00e0nigues, i els de Cicle Mitj\u00e0 i Superior, han fet una bona caminada fins al Paratge de Sant Mer.<\/p>\n<p>Tots s&#8217;ho han passat d&#8217;all\u00f2 m\u00e9s b\u00e9!<\/p>\n<p><iframe loading=\"lazy\" title=\"Dimecres i dijous llarder\" width=\"500\" height=\"281\" src=\"https:\/\/www.youtube.com\/embed\/vXqLbl-4bfQ?feature=oembed\" frameborder=\"0\" allow=\"accelerometer; autoplay; clipboard-write; encrypted-media; gyroscope; picture-in-picture; web-share\" referrerpolicy=\"strict-origin-when-cross-origin\" allowfullscreen><\/iframe><\/p>\n","protected":false},"excerpt":{"rendered":"<p>Aquest any hem pogut tornar a gaudir dels tradicionals Dimecres i Dijous Llarder.<br \/>\nEls m\u00e9s petits, els nens i nenes de P3 i P4, ho han celebrat al Bosc de Can Puig, i P5 han anat tot passejant fins al Parc de la Draga i han&hellip;  <a href=\"https:\/\/agora.xtec.cat\/ceip-canpuig\/portada\/dimecres-i-dijous-llarder\/\" title=\"Read DIMECRES I DIJOUS LLARDER\">Llegeix m\u00e9s\u00bb<\/a><\/p>\n","protected":false},"author":1,"featured_media":12288,"comment_status":"closed","ping_status":"closed","sticky":false,"template":"","format":"standard","meta":{"_bbp_topic_count":0,"_bbp_reply_count":0,"_bbp_total_topic_count":0,"_bbp_total_reply_count":0,"_bbp_voice_count":0,"_bbp_anonymous_reply_count":0,"_bbp_topic_count_hidden":0,"_bbp_reply_count_hidden":0,"_bbp_forum_subforum_count":0,"footnotes":""},"categories":[131,96,4],"tags":[],"class_list":["post-12284","post","type-post","status-publish","format-standard","has-post-thumbnail","hentry","category-curs-2021-2022","category-novetats","category-portada"],"post_mailing_queue_ids":[],"_links":{"self":[{"href":"https:\/\/agora.xtec.cat\/ceip-canpuig\/wp-json\/wp\/v2\/posts\/12284","targetHints":{"allow":["GET"]}}],"collection":[{"href":"https:\/\/agora.xtec.cat\/ceip-canpuig\/wp-json\/wp\/v2\/posts"}],"about":[{"href":"https:\/\/agora.xtec.cat\/ceip-canpuig\/wp-json\/wp\/v2\/types\/post"}],"author":[{"embeddable":true,"href":"https:\/\/agora.xtec.cat\/ceip-canpuig\/wp-json\/wp\/v2\/users\/1"}],"replies":[{"embeddable":true,"href":"https:\/\/agora.xtec.cat\/ceip-canpuig\/wp-json\/wp\/v2\/comments?post=12284"}],"version-history":[{"count":3,"href":"https:\/\/agora.xtec.cat\/ceip-canpuig\/wp-json\/wp\/v2\/posts\/12284\/revisions"}],"predecessor-version":[{"id":12289,"href":"https:\/\/agora.xtec.cat\/ceip-canpuig\/wp-json\/wp\/v2\/posts\/12284\/revisions\/12289"}],"wp:featuredmedia":[{"embeddable":true,"href":"https:\/\/agora.xtec.cat\/ceip-canpuig\/wp-json\/wp\/v2\/media\/12288"}],"wp:attachment":[{"href":"https:\/\/agora.xtec.cat\/ceip-canpuig\/wp-json\/wp\/v2\/media?parent=12284"}],"wp:term":[{"taxonomy":"category","embeddable":true,"href":"https:\/\/agora.xtec.cat\/ceip-canpuig\/wp-json\/wp\/v2\/categories?post=12284"},{"taxonomy":"post_tag","embeddable":true,"href":"https:\/\/agora.xtec.cat\/ceip-canpuig\/wp-json\/wp\/v2\/tags?post=12284"}],"curies":[{"name":"wp","href":"https:\/\/api.w.org\/{rel}","templated":true}]}}