{"id":12218,"date":"2021-12-16T17:26:51","date_gmt":"2021-12-16T16:26:51","guid":{"rendered":"https:\/\/agora.xtec.cat\/ceip-canpuig\/?p=12218"},"modified":"2021-12-16T17:28:07","modified_gmt":"2021-12-16T16:28:07","slug":"sigues-tu-en-familia","status":"publish","type":"post","link":"https:\/\/agora.xtec.cat\/ceip-canpuig\/portada\/sigues-tu-en-familia\/","title":{"rendered":"SIGUES TU EN FAM\u00cdLIA"},"content":{"rendered":"<p style=\"font-weight: 400;\">Un any m\u00e9s, oferim el programa de formaci\u00f3 en crian\u00e7a positiva per a les fam\u00edlies d&#8217;Educaci\u00f3 Infantil i Prim\u00e0ria de la nostra escola. Aquest programa s\u2019organitza des del <strong>\u201cSigues tu en fam\u00edlia\u201d<\/strong>.<\/p>\n<p style=\"font-weight: 400;\">Aquesta proposta consisteix en 6 trobades presencials amb continguts adre\u00e7ats a les fam\u00edlies per facilitar-vos eines i estrat\u00e8gies molt lligades a promoure una conviv\u00e8ncia familiar harmoniosa i millorar la relaci\u00f3 amb els fills i filles.<\/p>\n<p style=\"font-weight: 400;\">La formaci\u00f3 es basa en el llibre &#8220;Com hem de parlar perqu\u00e8 els fills escoltin i escoltar perqu\u00e8 els fills parlin&#8221;, d\u2019Adele Faber i Elaine Mazlish.<\/p>\n<p style=\"font-weight: 400;\">Si hi esteu interessats, cal que us inscriviu a\u00a0<strong><u><a href=\"http:\/\/www.siguestu.cat\/enfamilia\" data-saferedirecturl=\"https:\/\/www.google.com\/url?q=http:\/\/www.siguestu.cat\/enfamilia&amp;source=gmail&amp;ust=1639757013617000&amp;usg=AOvVaw0fb1b1jPpQ8bBq1PHaycU-\">www.siguestu.cat\/enfamilia<\/a><\/u><\/strong>\u00a0\u00a0abans del\u00a0\u00a06 de febrer de 2022.<\/p>\n<p>Us animem a participar-hi!<\/p>\n<p><img loading=\"lazy\" decoding=\"async\" class=\"alignleft size-large wp-image-12220\" src=\"https:\/\/agora.xtec.cat\/ceip-canpuig\/wp-content\/uploads\/usu1039\/2021\/12\/SIGUES-TU_FAMILIES_2021-2022-724x1024.jpg\" alt=\"\" width=\"724\" height=\"1024\" srcset=\"https:\/\/agora.xtec.cat\/ceip-canpuig\/wp-content\/uploads\/usu1039\/2021\/12\/SIGUES-TU_FAMILIES_2021-2022-724x1024.jpg 724w, https:\/\/agora.xtec.cat\/ceip-canpuig\/wp-content\/uploads\/usu1039\/2021\/12\/SIGUES-TU_FAMILIES_2021-2022-212x300.jpg 212w, https:\/\/agora.xtec.cat\/ceip-canpuig\/wp-content\/uploads\/usu1039\/2021\/12\/SIGUES-TU_FAMILIES_2021-2022-768x1086.jpg 768w, https:\/\/agora.xtec.cat\/ceip-canpuig\/wp-content\/uploads\/usu1039\/2021\/12\/SIGUES-TU_FAMILIES_2021-2022-1086x1536.jpg 1086w, https:\/\/agora.xtec.cat\/ceip-canpuig\/wp-content\/uploads\/usu1039\/2021\/12\/SIGUES-TU_FAMILIES_2021-2022-1448x2048.jpg 1448w, https:\/\/agora.xtec.cat\/ceip-canpuig\/wp-content\/uploads\/usu1039\/2021\/12\/SIGUES-TU_FAMILIES_2021-2022.jpg 1754w\" sizes=\"auto, (max-width: 724px) 100vw, 724px\" \/><\/p>\n<p>&nbsp;<\/p>\n","protected":false},"excerpt":{"rendered":"<p>Un any m\u00e9s, oferim el programa de formaci\u00f3 en crian\u00e7a positiva per a les fam\u00edlies d&#8217;Educaci\u00f3 Infantil i Prim\u00e0ria de la nostra escola. Aquest programa s\u2019organitza des del \u201cSigues tu en fam\u00edlia\u201d.<br \/>\nAquesta proposta consisteix en 6 trobades presencials amb continguts adre\u00e7ats a les fam\u00edlies per&hellip;  <a href=\"https:\/\/agora.xtec.cat\/ceip-canpuig\/portada\/sigues-tu-en-familia\/\" title=\"Read SIGUES TU EN FAM\u00cdLIA\">Llegeix m\u00e9s\u00bb<\/a><\/p>\n","protected":false},"author":1,"featured_media":0,"comment_status":"open","ping_status":"closed","sticky":false,"template":"","format":"standard","meta":{"_bbp_topic_count":0,"_bbp_reply_count":0,"_bbp_total_topic_count":0,"_bbp_total_reply_count":0,"_bbp_voice_count":0,"_bbp_anonymous_reply_count":0,"_bbp_topic_count_hidden":0,"_bbp_reply_count_hidden":0,"_bbp_forum_subforum_count":0,"footnotes":""},"categories":[131,96,4],"tags":[],"class_list":["post-12218","post","type-post","status-publish","format-standard","hentry","category-curs-2021-2022","category-novetats","category-portada"],"post_mailing_queue_ids":[],"_links":{"self":[{"href":"https:\/\/agora.xtec.cat\/ceip-canpuig\/wp-json\/wp\/v2\/posts\/12218","targetHints":{"allow":["GET"]}}],"collection":[{"href":"https:\/\/agora.xtec.cat\/ceip-canpuig\/wp-json\/wp\/v2\/posts"}],"about":[{"href":"https:\/\/agora.xtec.cat\/ceip-canpuig\/wp-json\/wp\/v2\/types\/post"}],"author":[{"embeddable":true,"href":"https:\/\/agora.xtec.cat\/ceip-canpuig\/wp-json\/wp\/v2\/users\/1"}],"replies":[{"embeddable":true,"href":"https:\/\/agora.xtec.cat\/ceip-canpuig\/wp-json\/wp\/v2\/comments?post=12218"}],"version-history":[{"count":3,"href":"https:\/\/agora.xtec.cat\/ceip-canpuig\/wp-json\/wp\/v2\/posts\/12218\/revisions"}],"predecessor-version":[{"id":12223,"href":"https:\/\/agora.xtec.cat\/ceip-canpuig\/wp-json\/wp\/v2\/posts\/12218\/revisions\/12223"}],"wp:attachment":[{"href":"https:\/\/agora.xtec.cat\/ceip-canpuig\/wp-json\/wp\/v2\/media?parent=12218"}],"wp:term":[{"taxonomy":"category","embeddable":true,"href":"https:\/\/agora.xtec.cat\/ceip-canpuig\/wp-json\/wp\/v2\/categories?post=12218"},{"taxonomy":"post_tag","embeddable":true,"href":"https:\/\/agora.xtec.cat\/ceip-canpuig\/wp-json\/wp\/v2\/tags?post=12218"}],"curies":[{"name":"wp","href":"https:\/\/api.w.org\/{rel}","templated":true}]}}