{"id":12066,"date":"2021-10-29T17:00:25","date_gmt":"2021-10-29T15:00:25","guid":{"rendered":"https:\/\/agora.xtec.cat\/ceip-canpuig\/?p=12066"},"modified":"2021-10-29T17:06:50","modified_gmt":"2021-10-29T15:06:50","slug":"bona-castanyada","status":"publish","type":"post","link":"https:\/\/agora.xtec.cat\/ceip-canpuig\/portada\/bona-castanyada\/","title":{"rendered":"BONA CASTANYADA!!!"},"content":{"rendered":"<p>Un any m\u00e9s, hem celebrat la Castanyada a l&#8217;escola.<\/p>\n<p>Al mat\u00ed hem ballat danses tradicionals de diferents pa\u00efsos que hem estat treballant a les sessions de M\u00fasica i a la tarda, tots junts al pati, hem fet la menjada de castanyes.<\/p>\n<p>Ens ho hem passat molt b\u00e9! Bona castanyada a tothom!!!<\/p>\n<p><iframe loading=\"lazy\" title=\"CASTANYADA 2021\" width=\"500\" height=\"281\" src=\"https:\/\/www.youtube.com\/embed\/A7XeU_LJybM?feature=oembed\" frameborder=\"0\" allow=\"accelerometer; autoplay; clipboard-write; encrypted-media; gyroscope; picture-in-picture; web-share\" referrerpolicy=\"strict-origin-when-cross-origin\" allowfullscreen><\/iframe><\/p>\n","protected":false},"excerpt":{"rendered":"<p>Un any m\u00e9s, hem celebrat la Castanyada a l&#8217;escola.<br \/>\nAl mat\u00ed hem ballat danses tradicionals de diferents pa\u00efsos que hem estat treballant a les sessions de M\u00fasica i a la tarda, tots junts al pati, hem fet la menjada de castanyes.<br \/>\nEns ho hem passat molt b\u00e9!&hellip;  <a href=\"https:\/\/agora.xtec.cat\/ceip-canpuig\/portada\/bona-castanyada\/\" title=\"Read BONA CASTANYADA!!!\">Llegeix m\u00e9s\u00bb<\/a><\/p>\n","protected":false},"author":1,"featured_media":12067,"comment_status":"closed","ping_status":"closed","sticky":false,"template":"","format":"standard","meta":{"_bbp_topic_count":0,"_bbp_reply_count":0,"_bbp_total_topic_count":0,"_bbp_total_reply_count":0,"_bbp_voice_count":0,"_bbp_anonymous_reply_count":0,"_bbp_topic_count_hidden":0,"_bbp_reply_count_hidden":0,"_bbp_forum_subforum_count":0,"footnotes":""},"categories":[131,96,4],"tags":[],"class_list":["post-12066","post","type-post","status-publish","format-standard","has-post-thumbnail","hentry","category-curs-2021-2022","category-novetats","category-portada"],"post_mailing_queue_ids":[],"_links":{"self":[{"href":"https:\/\/agora.xtec.cat\/ceip-canpuig\/wp-json\/wp\/v2\/posts\/12066","targetHints":{"allow":["GET"]}}],"collection":[{"href":"https:\/\/agora.xtec.cat\/ceip-canpuig\/wp-json\/wp\/v2\/posts"}],"about":[{"href":"https:\/\/agora.xtec.cat\/ceip-canpuig\/wp-json\/wp\/v2\/types\/post"}],"author":[{"embeddable":true,"href":"https:\/\/agora.xtec.cat\/ceip-canpuig\/wp-json\/wp\/v2\/users\/1"}],"replies":[{"embeddable":true,"href":"https:\/\/agora.xtec.cat\/ceip-canpuig\/wp-json\/wp\/v2\/comments?post=12066"}],"version-history":[{"count":3,"href":"https:\/\/agora.xtec.cat\/ceip-canpuig\/wp-json\/wp\/v2\/posts\/12066\/revisions"}],"predecessor-version":[{"id":12070,"href":"https:\/\/agora.xtec.cat\/ceip-canpuig\/wp-json\/wp\/v2\/posts\/12066\/revisions\/12070"}],"wp:featuredmedia":[{"embeddable":true,"href":"https:\/\/agora.xtec.cat\/ceip-canpuig\/wp-json\/wp\/v2\/media\/12067"}],"wp:attachment":[{"href":"https:\/\/agora.xtec.cat\/ceip-canpuig\/wp-json\/wp\/v2\/media?parent=12066"}],"wp:term":[{"taxonomy":"category","embeddable":true,"href":"https:\/\/agora.xtec.cat\/ceip-canpuig\/wp-json\/wp\/v2\/categories?post=12066"},{"taxonomy":"post_tag","embeddable":true,"href":"https:\/\/agora.xtec.cat\/ceip-canpuig\/wp-json\/wp\/v2\/tags?post=12066"}],"curies":[{"name":"wp","href":"https:\/\/api.w.org\/{rel}","templated":true}]}}