{"id":11738,"date":"2021-02-05T09:20:31","date_gmt":"2021-02-05T08:20:31","guid":{"rendered":"http:\/\/agora.xtec.cat\/ceip-canpuig\/?p=11738"},"modified":"2021-02-05T09:24:27","modified_gmt":"2021-02-05T08:24:27","slug":"carnestoltes-consigna-1","status":"publish","type":"post","link":"https:\/\/agora.xtec.cat\/ceip-canpuig\/portada\/carnestoltes-consigna-1\/","title":{"rendered":"CARNESTOLTES: CONSIGNA 1"},"content":{"rendered":"<p>Un any m\u00e9s, arriba Carnestoltes a Can Puig!<\/p>\n<p>Els alumnes de 6\u00e8 s\u00f3n els que han pensat les consignes d&#8217;enguany, per\u00f2, seran els nens i nenes de 5\u00e8 els que cada dia ens anunciaran la consigna per l&#8217;endem\u00e0 en format Corranda. Aqu\u00ed teniu la primera&#8230;<\/p>\n<p><iframe loading=\"lazy\" title=\"CONSIGNA CARNESTOLTES: DILLUNS 8 FEBRER 2021\" width=\"500\" height=\"281\" src=\"https:\/\/www.youtube.com\/embed\/kK47vUPs6D0?feature=oembed\" frameborder=\"0\" allow=\"accelerometer; autoplay; clipboard-write; encrypted-media; gyroscope; picture-in-picture; web-share\" referrerpolicy=\"strict-origin-when-cross-origin\" allowfullscreen><\/iframe><\/p>\n","protected":false},"excerpt":{"rendered":"<p>Un any m\u00e9s, arriba Carnestoltes a Can Puig!<br \/>\nEls alumnes de 6\u00e8 s\u00f3n els que han pensat les consignes d&#8217;enguany, per\u00f2, seran els nens i nenes de 5\u00e8 els que cada dia ens anunciaran la consigna per l&#8217;endem\u00e0 en format Corranda. Aqu\u00ed teniu la primera&#8230;<\/p>\n","protected":false},"author":1,"featured_media":11739,"comment_status":"closed","ping_status":"closed","sticky":false,"template":"","format":"standard","meta":{"_bbp_topic_count":0,"_bbp_reply_count":0,"_bbp_total_topic_count":0,"_bbp_total_reply_count":0,"_bbp_voice_count":0,"_bbp_anonymous_reply_count":0,"_bbp_topic_count_hidden":0,"_bbp_reply_count_hidden":0,"_bbp_forum_subforum_count":0,"footnotes":""},"categories":[130,96,4],"tags":[],"class_list":["post-11738","post","type-post","status-publish","format-standard","has-post-thumbnail","hentry","category-curs-2020-2021","category-novetats","category-portada"],"post_mailing_queue_ids":[],"_links":{"self":[{"href":"https:\/\/agora.xtec.cat\/ceip-canpuig\/wp-json\/wp\/v2\/posts\/11738","targetHints":{"allow":["GET"]}}],"collection":[{"href":"https:\/\/agora.xtec.cat\/ceip-canpuig\/wp-json\/wp\/v2\/posts"}],"about":[{"href":"https:\/\/agora.xtec.cat\/ceip-canpuig\/wp-json\/wp\/v2\/types\/post"}],"author":[{"embeddable":true,"href":"https:\/\/agora.xtec.cat\/ceip-canpuig\/wp-json\/wp\/v2\/users\/1"}],"replies":[{"embeddable":true,"href":"https:\/\/agora.xtec.cat\/ceip-canpuig\/wp-json\/wp\/v2\/comments?post=11738"}],"version-history":[{"count":3,"href":"https:\/\/agora.xtec.cat\/ceip-canpuig\/wp-json\/wp\/v2\/posts\/11738\/revisions"}],"predecessor-version":[{"id":11742,"href":"https:\/\/agora.xtec.cat\/ceip-canpuig\/wp-json\/wp\/v2\/posts\/11738\/revisions\/11742"}],"wp:featuredmedia":[{"embeddable":true,"href":"https:\/\/agora.xtec.cat\/ceip-canpuig\/wp-json\/wp\/v2\/media\/11739"}],"wp:attachment":[{"href":"https:\/\/agora.xtec.cat\/ceip-canpuig\/wp-json\/wp\/v2\/media?parent=11738"}],"wp:term":[{"taxonomy":"category","embeddable":true,"href":"https:\/\/agora.xtec.cat\/ceip-canpuig\/wp-json\/wp\/v2\/categories?post=11738"},{"taxonomy":"post_tag","embeddable":true,"href":"https:\/\/agora.xtec.cat\/ceip-canpuig\/wp-json\/wp\/v2\/tags?post=11738"}],"curies":[{"name":"wp","href":"https:\/\/api.w.org\/{rel}","templated":true}]}}