{"id":11717,"date":"2020-12-22T12:09:59","date_gmt":"2020-12-22T11:09:59","guid":{"rendered":"http:\/\/agora.xtec.cat\/ceip-canpuig\/?p=11717"},"modified":"2020-12-22T12:12:00","modified_gmt":"2020-12-22T11:12:00","slug":"recorregut-virtual","status":"publish","type":"post","link":"https:\/\/agora.xtec.cat\/ceip-canpuig\/portada\/recorregut-virtual\/","title":{"rendered":"RECORREGUT VIRTUAL"},"content":{"rendered":"<p>Fam\u00edlies, us animem a visualitzar aquest recorregut virtual per l&#8217;escola on podreu veure la decoraci\u00f3 nadalenca que han dut a terme els i les alumnes durant les darreres setmanes, aix\u00ed com alguns dels treballs que han realitzat durant aquest primer trimestre de curs. Esperem que us agradi!<\/p>\n<p><iframe loading=\"lazy\" title=\"Recorregut Virtual Nadal 2020 Escola Can Puig\" width=\"500\" height=\"281\" src=\"https:\/\/www.youtube.com\/embed\/nTWjVPzU4dI?feature=oembed\" frameborder=\"0\" allow=\"accelerometer; autoplay; clipboard-write; encrypted-media; gyroscope; picture-in-picture; web-share\" referrerpolicy=\"strict-origin-when-cross-origin\" allowfullscreen><\/iframe><\/p>\n","protected":false},"excerpt":{"rendered":"<p>Fam\u00edlies, us animem a visualitzar aquest recorregut virtual per l&#8217;escola on podreu veure la decoraci\u00f3 nadalenca que han dut a terme els i les alumnes durant les darreres setmanes, aix\u00ed com alguns dels treballs que han realitzat durant aquest primer trimestre de curs. Esperem que&hellip;  <a href=\"https:\/\/agora.xtec.cat\/ceip-canpuig\/portada\/recorregut-virtual\/\" title=\"Read RECORREGUT VIRTUAL\">Llegeix m\u00e9s\u00bb<\/a><\/p>\n","protected":false},"author":1,"featured_media":11718,"comment_status":"closed","ping_status":"closed","sticky":false,"template":"","format":"standard","meta":{"_bbp_topic_count":0,"_bbp_reply_count":0,"_bbp_total_topic_count":0,"_bbp_total_reply_count":0,"_bbp_voice_count":0,"_bbp_anonymous_reply_count":0,"_bbp_topic_count_hidden":0,"_bbp_reply_count_hidden":0,"_bbp_forum_subforum_count":0,"footnotes":""},"categories":[130,96,4],"tags":[],"class_list":["post-11717","post","type-post","status-publish","format-standard","has-post-thumbnail","hentry","category-curs-2020-2021","category-novetats","category-portada"],"post_mailing_queue_ids":[],"_links":{"self":[{"href":"https:\/\/agora.xtec.cat\/ceip-canpuig\/wp-json\/wp\/v2\/posts\/11717","targetHints":{"allow":["GET"]}}],"collection":[{"href":"https:\/\/agora.xtec.cat\/ceip-canpuig\/wp-json\/wp\/v2\/posts"}],"about":[{"href":"https:\/\/agora.xtec.cat\/ceip-canpuig\/wp-json\/wp\/v2\/types\/post"}],"author":[{"embeddable":true,"href":"https:\/\/agora.xtec.cat\/ceip-canpuig\/wp-json\/wp\/v2\/users\/1"}],"replies":[{"embeddable":true,"href":"https:\/\/agora.xtec.cat\/ceip-canpuig\/wp-json\/wp\/v2\/comments?post=11717"}],"version-history":[{"count":2,"href":"https:\/\/agora.xtec.cat\/ceip-canpuig\/wp-json\/wp\/v2\/posts\/11717\/revisions"}],"predecessor-version":[{"id":11721,"href":"https:\/\/agora.xtec.cat\/ceip-canpuig\/wp-json\/wp\/v2\/posts\/11717\/revisions\/11721"}],"wp:featuredmedia":[{"embeddable":true,"href":"https:\/\/agora.xtec.cat\/ceip-canpuig\/wp-json\/wp\/v2\/media\/11718"}],"wp:attachment":[{"href":"https:\/\/agora.xtec.cat\/ceip-canpuig\/wp-json\/wp\/v2\/media?parent=11717"}],"wp:term":[{"taxonomy":"category","embeddable":true,"href":"https:\/\/agora.xtec.cat\/ceip-canpuig\/wp-json\/wp\/v2\/categories?post=11717"},{"taxonomy":"post_tag","embeddable":true,"href":"https:\/\/agora.xtec.cat\/ceip-canpuig\/wp-json\/wp\/v2\/tags?post=11717"}],"curies":[{"name":"wp","href":"https:\/\/api.w.org\/{rel}","templated":true}]}}