{"id":11712,"date":"2020-12-21T14:06:59","date_gmt":"2020-12-21T13:06:59","guid":{"rendered":"http:\/\/agora.xtec.cat\/ceip-canpuig\/?p=11712"},"modified":"2020-12-21T14:10:44","modified_gmt":"2020-12-21T13:10:44","slug":"cantada-de-nadales","status":"publish","type":"post","link":"https:\/\/agora.xtec.cat\/ceip-canpuig\/portada\/cantada-de-nadales\/","title":{"rendered":"CANTADA DE NADALES"},"content":{"rendered":"<p>Aquest mat\u00ed hem pogut gaudir de la Cantada de Nadales dels nens i nenes de l&#8217;escola. Ja que aquest any no ens pod\u00edem trobar tots junts a la sala polivalent, la vam gravar pr\u00e8viament i avui l&#8217;hem pogut veure i escoltar en format digital des de les aules.<\/p>\n<p>Mireu quins artistes!<\/p>\n<p><iframe loading=\"lazy\" title=\"Cantada Can Puig Nadal 2020\" width=\"500\" height=\"281\" src=\"https:\/\/www.youtube.com\/embed\/tScja0yd6M8?feature=oembed\" frameborder=\"0\" allow=\"accelerometer; autoplay; clipboard-write; encrypted-media; gyroscope; picture-in-picture; web-share\" referrerpolicy=\"strict-origin-when-cross-origin\" allowfullscreen><\/iframe><\/p>\n","protected":false},"excerpt":{"rendered":"<p>Aquest mat\u00ed hem pogut gaudir de la Cantada de Nadales dels nens i nenes de l&#8217;escola. Ja que aquest any no ens pod\u00edem trobar tots junts a la sala polivalent, la vam gravar pr\u00e8viament i avui l&#8217;hem pogut veure i escoltar en format digital des&hellip;  <a href=\"https:\/\/agora.xtec.cat\/ceip-canpuig\/portada\/cantada-de-nadales\/\" title=\"Read CANTADA DE NADALES\">Llegeix m\u00e9s\u00bb<\/a><\/p>\n","protected":false},"author":1,"featured_media":11713,"comment_status":"closed","ping_status":"closed","sticky":false,"template":"","format":"standard","meta":{"_bbp_topic_count":0,"_bbp_reply_count":0,"_bbp_total_topic_count":0,"_bbp_total_reply_count":0,"_bbp_voice_count":0,"_bbp_anonymous_reply_count":0,"_bbp_topic_count_hidden":0,"_bbp_reply_count_hidden":0,"_bbp_forum_subforum_count":0,"footnotes":""},"categories":[130,96,4],"tags":[],"class_list":["post-11712","post","type-post","status-publish","format-standard","has-post-thumbnail","hentry","category-curs-2020-2021","category-novetats","category-portada"],"post_mailing_queue_ids":[],"_links":{"self":[{"href":"https:\/\/agora.xtec.cat\/ceip-canpuig\/wp-json\/wp\/v2\/posts\/11712","targetHints":{"allow":["GET"]}}],"collection":[{"href":"https:\/\/agora.xtec.cat\/ceip-canpuig\/wp-json\/wp\/v2\/posts"}],"about":[{"href":"https:\/\/agora.xtec.cat\/ceip-canpuig\/wp-json\/wp\/v2\/types\/post"}],"author":[{"embeddable":true,"href":"https:\/\/agora.xtec.cat\/ceip-canpuig\/wp-json\/wp\/v2\/users\/1"}],"replies":[{"embeddable":true,"href":"https:\/\/agora.xtec.cat\/ceip-canpuig\/wp-json\/wp\/v2\/comments?post=11712"}],"version-history":[{"count":2,"href":"https:\/\/agora.xtec.cat\/ceip-canpuig\/wp-json\/wp\/v2\/posts\/11712\/revisions"}],"predecessor-version":[{"id":11715,"href":"https:\/\/agora.xtec.cat\/ceip-canpuig\/wp-json\/wp\/v2\/posts\/11712\/revisions\/11715"}],"wp:featuredmedia":[{"embeddable":true,"href":"https:\/\/agora.xtec.cat\/ceip-canpuig\/wp-json\/wp\/v2\/media\/11713"}],"wp:attachment":[{"href":"https:\/\/agora.xtec.cat\/ceip-canpuig\/wp-json\/wp\/v2\/media?parent=11712"}],"wp:term":[{"taxonomy":"category","embeddable":true,"href":"https:\/\/agora.xtec.cat\/ceip-canpuig\/wp-json\/wp\/v2\/categories?post=11712"},{"taxonomy":"post_tag","embeddable":true,"href":"https:\/\/agora.xtec.cat\/ceip-canpuig\/wp-json\/wp\/v2\/tags?post=11712"}],"curies":[{"name":"wp","href":"https:\/\/api.w.org\/{rel}","templated":true}]}}