{"id":11653,"date":"2020-06-19T22:56:54","date_gmt":"2020-06-19T20:56:54","guid":{"rendered":"http:\/\/agora.xtec.cat\/ceip-canpuig\/?p=11653"},"modified":"2020-06-19T22:56:54","modified_gmt":"2020-06-19T20:56:54","slug":"comiat-alumnes-de-6e-2","status":"publish","type":"post","link":"https:\/\/agora.xtec.cat\/ceip-canpuig\/portada\/comiat-alumnes-de-6e-2\/","title":{"rendered":"COMIAT ALUMNES DE 6\u00e8"},"content":{"rendered":"<p>Avui ha estat l&#8217;\u00faltim dia de curs i, com no podia faltar, hem organitzat un comiat pels alumnes de 6\u00e8 ja que el proper curs ja no estaran a l&#8217;escola amb nosaltres. Aquest any, degut a les circumst\u00e0ncies en que ens trobem, ho hem hagut de preparar una mica diferent per\u00f2 amb la mateixa il\u00b7lusi\u00f3 de sempre.<\/p>\n<p>Pel mat\u00ed, hem fet una trobada amb les dues classes per separat on ens hem acomiadat tot explicant an\u00e8cdotes i records del seu pas per l&#8217;escola i, ara mateix, hem acabat la videoconfer\u00e8ncia on ens hem trobat tots els alumnes de 6\u00e8 juntament amb les tutores que han tingut al llarg de tota la seva etapa a l&#8217;Escola Can Puig. En aquesta trobada virtual, les diferents mestres els han dedicat unes paraules desitjant-los molta sort en la nova etapa que aviat comen\u00e7aran i, a m\u00e9s, hem aprofitat per presentar-los uns v\u00eddeos que els han fet molta il\u00b7lusi\u00f3. S\u00f3n el muntatge de v\u00eddeo on tots, des de casa seva, cantaven la can\u00e7\u00f3 &#8220;Dol\u00e7 el n\u00favol&#8221; i el de l&#8217;obra de teatre virtual que han elaborat durant aquests dies de confinament. Aqu\u00ed us els deixem perqu\u00e8 en gaudiu, s\u00f3n tots uns artistes!<\/p>\n<p>Molta sort i fins ben aviat!!!<\/p>\n<p><iframe loading=\"lazy\" title=\"DOLC\u0327 EL N\u00daVOL - ALUMNES DE SIS\u00c8 (ESCOLA CAN PUIG)\" width=\"500\" height=\"281\" src=\"https:\/\/www.youtube.com\/embed\/beRGWQCkLxY?feature=oembed\" frameborder=\"0\" allow=\"accelerometer; autoplay; clipboard-write; encrypted-media; gyroscope; picture-in-picture; web-share\" referrerpolicy=\"strict-origin-when-cross-origin\" allowfullscreen><\/iframe><\/p>\n<p><iframe loading=\"lazy\" title=\"PERSONATGES ESPECIALS - TEATRE ESCOLA CAN PUIG\" width=\"500\" height=\"281\" src=\"https:\/\/www.youtube.com\/embed\/v2G2zcFfFNs?feature=oembed\" frameborder=\"0\" allow=\"accelerometer; autoplay; clipboard-write; encrypted-media; gyroscope; picture-in-picture; web-share\" referrerpolicy=\"strict-origin-when-cross-origin\" allowfullscreen><\/iframe><\/p>\n","protected":false},"excerpt":{"rendered":"<p>Avui ha estat l&#8217;\u00faltim dia de curs i, com no podia faltar, hem organitzat un comiat pels alumnes de 6\u00e8 ja que el proper curs ja no estaran a l&#8217;escola amb nosaltres. Aquest any, degut a les circumst\u00e0ncies en que ens trobem, ho hem hagut&hellip;  <a href=\"https:\/\/agora.xtec.cat\/ceip-canpuig\/portada\/comiat-alumnes-de-6e-2\/\" title=\"Read COMIAT ALUMNES DE 6\u00e8\">Llegeix m\u00e9s\u00bb<\/a><\/p>\n","protected":false},"author":1,"featured_media":11655,"comment_status":"closed","ping_status":"closed","sticky":false,"template":"","format":"standard","meta":{"_bbp_topic_count":0,"_bbp_reply_count":0,"_bbp_total_topic_count":0,"_bbp_total_reply_count":0,"_bbp_voice_count":0,"_bbp_anonymous_reply_count":0,"_bbp_topic_count_hidden":0,"_bbp_reply_count_hidden":0,"_bbp_forum_subforum_count":0,"footnotes":""},"categories":[15,129,4],"tags":[],"class_list":["post-11653","post","type-post","status-publish","format-standard","has-post-thumbnail","hentry","category-6e","category-curs-2019-2020","category-portada"],"post_mailing_queue_ids":[],"_links":{"self":[{"href":"https:\/\/agora.xtec.cat\/ceip-canpuig\/wp-json\/wp\/v2\/posts\/11653","targetHints":{"allow":["GET"]}}],"collection":[{"href":"https:\/\/agora.xtec.cat\/ceip-canpuig\/wp-json\/wp\/v2\/posts"}],"about":[{"href":"https:\/\/agora.xtec.cat\/ceip-canpuig\/wp-json\/wp\/v2\/types\/post"}],"author":[{"embeddable":true,"href":"https:\/\/agora.xtec.cat\/ceip-canpuig\/wp-json\/wp\/v2\/users\/1"}],"replies":[{"embeddable":true,"href":"https:\/\/agora.xtec.cat\/ceip-canpuig\/wp-json\/wp\/v2\/comments?post=11653"}],"version-history":[{"count":1,"href":"https:\/\/agora.xtec.cat\/ceip-canpuig\/wp-json\/wp\/v2\/posts\/11653\/revisions"}],"predecessor-version":[{"id":11654,"href":"https:\/\/agora.xtec.cat\/ceip-canpuig\/wp-json\/wp\/v2\/posts\/11653\/revisions\/11654"}],"wp:featuredmedia":[{"embeddable":true,"href":"https:\/\/agora.xtec.cat\/ceip-canpuig\/wp-json\/wp\/v2\/media\/11655"}],"wp:attachment":[{"href":"https:\/\/agora.xtec.cat\/ceip-canpuig\/wp-json\/wp\/v2\/media?parent=11653"}],"wp:term":[{"taxonomy":"category","embeddable":true,"href":"https:\/\/agora.xtec.cat\/ceip-canpuig\/wp-json\/wp\/v2\/categories?post=11653"},{"taxonomy":"post_tag","embeddable":true,"href":"https:\/\/agora.xtec.cat\/ceip-canpuig\/wp-json\/wp\/v2\/tags?post=11653"}],"curies":[{"name":"wp","href":"https:\/\/api.w.org\/{rel}","templated":true}]}}