{"id":11633,"date":"2020-06-05T17:08:58","date_gmt":"2020-06-05T15:08:58","guid":{"rendered":"http:\/\/agora.xtec.cat\/ceip-canpuig\/?p=11633"},"modified":"2020-06-05T17:09:45","modified_gmt":"2020-06-05T15:09:45","slug":"jocs-florals","status":"publish","type":"post","link":"https:\/\/agora.xtec.cat\/ceip-canpuig\/general\/jocs-florals\/","title":{"rendered":"JOCS FLORALS"},"content":{"rendered":"<p>Estem\u00a0en plena primavera!\u00a0Passen els dies de sol i pluja, de calorades als matins i de tardes nuvolades. Mentrestant, a l\u2019escola no parem de\u00a0rebre v\u00eddeos i respostes a tot el que us anem proposant.\u00a0Falta poc per la revetlla de Sant Joan i per l\u2019arribada de l\u2019estiu i les vacances,\u00a0per\u00f2 per aix\u00f2 encara \u00e9s aviat.<\/p>\n<p>El que ja no es fa esperar m\u00e9s\u00a0i que us deixem aqu\u00ed perqu\u00e8 en gaudiu, \u00e9s el resultat dels Jocs Florals d\u2019aquest any 2020. Tot i el confinament, l\u2019escola ha tirat endavant el concurs i ens fa molta il\u00b7lusi\u00f3 poder presentar-vos els guanyadors i guanyadores d\u2019enguany. Els podeu veure en el v\u00eddeo que us enllacem\u00a0i que agraeixen personalment el premi rebut.<\/p>\n<p>Tamb\u00e9 podeu veure el <a href=\"https:\/\/es.calameo.com\/read\/004800416533614166afe\">llibret dels escrits<\/a> editat en format digital. Esperem que us agradi!<\/p>\n<p><iframe loading=\"lazy\" title=\"JOCS FLORALS 2020\" width=\"500\" height=\"375\" src=\"https:\/\/www.youtube.com\/embed\/6NDy6x8ZQuc?feature=oembed\" frameborder=\"0\" allow=\"accelerometer; autoplay; clipboard-write; encrypted-media; gyroscope; picture-in-picture; web-share\" referrerpolicy=\"strict-origin-when-cross-origin\" allowfullscreen><\/iframe><\/p>\n","protected":false},"excerpt":{"rendered":"<p>Estem\u00a0en plena primavera!\u00a0Passen els dies de sol i pluja, de calorades als matins i de tardes nuvolades. Mentrestant, a l\u2019escola no parem de\u00a0rebre v\u00eddeos i respostes a tot el que us anem proposant.\u00a0Falta poc per la revetlla de Sant Joan i per l\u2019arribada de l\u2019estiu&hellip;  <a href=\"https:\/\/agora.xtec.cat\/ceip-canpuig\/general\/jocs-florals\/\" title=\"Read JOCS FLORALS\">Llegeix m\u00e9s\u00bb<\/a><\/p>\n","protected":false},"author":1,"featured_media":11636,"comment_status":"closed","ping_status":"closed","sticky":false,"template":"","format":"standard","meta":{"_bbp_topic_count":0,"_bbp_reply_count":0,"_bbp_total_topic_count":0,"_bbp_total_reply_count":0,"_bbp_voice_count":0,"_bbp_anonymous_reply_count":0,"_bbp_topic_count_hidden":0,"_bbp_reply_count_hidden":0,"_bbp_forum_subforum_count":0,"footnotes":""},"categories":[10,11,12,13,14,15,129,1,96,3,8,9,4],"tags":[],"class_list":["post-11633","post","type-post","status-publish","format-standard","has-post-thumbnail","hentry","category-1r","category-2n","category-3r","category-4t","category-5e","category-6e","category-curs-2019-2020","category-general","category-novetats","category-p3","category-p4","category-p5","category-portada"],"post_mailing_queue_ids":[],"_links":{"self":[{"href":"https:\/\/agora.xtec.cat\/ceip-canpuig\/wp-json\/wp\/v2\/posts\/11633","targetHints":{"allow":["GET"]}}],"collection":[{"href":"https:\/\/agora.xtec.cat\/ceip-canpuig\/wp-json\/wp\/v2\/posts"}],"about":[{"href":"https:\/\/agora.xtec.cat\/ceip-canpuig\/wp-json\/wp\/v2\/types\/post"}],"author":[{"embeddable":true,"href":"https:\/\/agora.xtec.cat\/ceip-canpuig\/wp-json\/wp\/v2\/users\/1"}],"replies":[{"embeddable":true,"href":"https:\/\/agora.xtec.cat\/ceip-canpuig\/wp-json\/wp\/v2\/comments?post=11633"}],"version-history":[{"count":3,"href":"https:\/\/agora.xtec.cat\/ceip-canpuig\/wp-json\/wp\/v2\/posts\/11633\/revisions"}],"predecessor-version":[{"id":11638,"href":"https:\/\/agora.xtec.cat\/ceip-canpuig\/wp-json\/wp\/v2\/posts\/11633\/revisions\/11638"}],"wp:featuredmedia":[{"embeddable":true,"href":"https:\/\/agora.xtec.cat\/ceip-canpuig\/wp-json\/wp\/v2\/media\/11636"}],"wp:attachment":[{"href":"https:\/\/agora.xtec.cat\/ceip-canpuig\/wp-json\/wp\/v2\/media?parent=11633"}],"wp:term":[{"taxonomy":"category","embeddable":true,"href":"https:\/\/agora.xtec.cat\/ceip-canpuig\/wp-json\/wp\/v2\/categories?post=11633"},{"taxonomy":"post_tag","embeddable":true,"href":"https:\/\/agora.xtec.cat\/ceip-canpuig\/wp-json\/wp\/v2\/tags?post=11633"}],"curies":[{"name":"wp","href":"https:\/\/api.w.org\/{rel}","templated":true}]}}