{"id":11614,"date":"2020-06-01T19:23:46","date_gmt":"2020-06-01T17:23:46","guid":{"rendered":"http:\/\/agora.xtec.cat\/ceip-canpuig\/?p=11614"},"modified":"2020-06-26T12:31:50","modified_gmt":"2020-06-26T10:31:50","slug":"beques-de-menjador-curs-2020-2021","status":"publish","type":"post","link":"https:\/\/agora.xtec.cat\/ceip-canpuig\/portada\/beques-de-menjador-curs-2020-2021\/","title":{"rendered":"BEQUES DE MENJADOR CURS 2020-2021"},"content":{"rendered":"<p>Us informem que el Consell Comarcal ha obert el per\u00edode per a la presentaci\u00f3 de les sol\u00b7licituds d&#8217;ajuts de menjadors escolar per al proper curs 2020-2021 des d&#8217;avui mateix i fins al 30 de juny.<\/p>\n<p>D&#8217;acord amb el context actual, i a difer\u00e8ncia d&#8217;altres convocat\u00f2ries, s&#8217;ha previst que la presentaci\u00f3 de les sol\u00b7licituds es pugui fer de manera telem\u00e0tica mitjan\u00e7ant la p\u00e0gina web de la Seu Electr\u00f2nica del Consell Comarcal. Aix\u00ed mateix, per a totes aquelles fam\u00edlies que vulguin efectuar aquest tr\u00e0mit de forma presencial, hauran de demanar cita pr\u00e8via al Consell Comarcal mitjan\u00e7ant la web <a href=\"https:\/\/citaprevia.plaestany.cat\/\">citaprevia.plaestany.cat\/<\/a>.<\/p>\n<p>En aquest <a href=\"https:\/\/plaestany.cat\/Les-%C3%A0rees\/Educaci%C3%B3-i-Cultura\/Educaci%C3%B3\/Ajuts-de-Menjador\">enlla\u00e7<\/a> es recull la informaci\u00f3 general d&#8217;aquesta convocat\u00f2ria.<\/p>\n<p><img loading=\"lazy\" decoding=\"async\" class=\"size-full wp-image-3070\" src=\"https:\/\/agora.xtec.cat\/ceip-canpuig\/wp-content\/uploads\/usu1039\/2017\/05\/menjadorEscolar.jpg\" alt=\"\" width=\"424\" height=\"283\" srcset=\"https:\/\/agora.xtec.cat\/ceip-canpuig\/wp-content\/uploads\/usu1039\/2017\/05\/menjadorEscolar.jpg 424w, https:\/\/agora.xtec.cat\/ceip-canpuig\/wp-content\/uploads\/usu1039\/2017\/05\/menjadorEscolar-300x200.jpg 300w\" sizes=\"auto, (max-width: 424px) 100vw, 424px\" \/><\/p>\n","protected":false},"excerpt":{"rendered":"<p>Us informem que el Consell Comarcal ha obert el per\u00edode per a la presentaci\u00f3 de les sol\u00b7licituds d&#8217;ajuts de menjadors escolar per al proper curs 2020-2021 des d&#8217;avui mateix i fins al 30 de juny.<br \/>\nD&#8217;acord amb el context actual, i a difer\u00e8ncia d&#8217;altres convocat\u00f2ries, s&#8217;ha&hellip;  <a href=\"https:\/\/agora.xtec.cat\/ceip-canpuig\/portada\/beques-de-menjador-curs-2020-2021\/\" title=\"Read BEQUES DE MENJADOR CURS 2020-2021\">Llegeix m\u00e9s\u00bb<\/a><\/p>\n","protected":false},"author":1,"featured_media":0,"comment_status":"closed","ping_status":"closed","sticky":false,"template":"","format":"standard","meta":{"_bbp_topic_count":0,"_bbp_reply_count":0,"_bbp_total_topic_count":0,"_bbp_total_reply_count":0,"_bbp_voice_count":0,"_bbp_anonymous_reply_count":0,"_bbp_topic_count_hidden":0,"_bbp_reply_count_hidden":0,"_bbp_forum_subforum_count":0,"footnotes":""},"categories":[129,96,4],"tags":[],"class_list":["post-11614","post","type-post","status-publish","format-standard","hentry","category-curs-2019-2020","category-novetats","category-portada"],"post_mailing_queue_ids":[],"_links":{"self":[{"href":"https:\/\/agora.xtec.cat\/ceip-canpuig\/wp-json\/wp\/v2\/posts\/11614","targetHints":{"allow":["GET"]}}],"collection":[{"href":"https:\/\/agora.xtec.cat\/ceip-canpuig\/wp-json\/wp\/v2\/posts"}],"about":[{"href":"https:\/\/agora.xtec.cat\/ceip-canpuig\/wp-json\/wp\/v2\/types\/post"}],"author":[{"embeddable":true,"href":"https:\/\/agora.xtec.cat\/ceip-canpuig\/wp-json\/wp\/v2\/users\/1"}],"replies":[{"embeddable":true,"href":"https:\/\/agora.xtec.cat\/ceip-canpuig\/wp-json\/wp\/v2\/comments?post=11614"}],"version-history":[{"count":3,"href":"https:\/\/agora.xtec.cat\/ceip-canpuig\/wp-json\/wp\/v2\/posts\/11614\/revisions"}],"predecessor-version":[{"id":11617,"href":"https:\/\/agora.xtec.cat\/ceip-canpuig\/wp-json\/wp\/v2\/posts\/11614\/revisions\/11617"}],"wp:attachment":[{"href":"https:\/\/agora.xtec.cat\/ceip-canpuig\/wp-json\/wp\/v2\/media?parent=11614"}],"wp:term":[{"taxonomy":"category","embeddable":true,"href":"https:\/\/agora.xtec.cat\/ceip-canpuig\/wp-json\/wp\/v2\/categories?post=11614"},{"taxonomy":"post_tag","embeddable":true,"href":"https:\/\/agora.xtec.cat\/ceip-canpuig\/wp-json\/wp\/v2\/tags?post=11614"}],"curies":[{"name":"wp","href":"https:\/\/api.w.org\/{rel}","templated":true}]}}