{"id":11583,"date":"2020-05-14T16:57:53","date_gmt":"2020-05-14T14:57:53","guid":{"rendered":"http:\/\/agora.xtec.cat\/ceip-canpuig\/?p=11583"},"modified":"2020-05-14T16:57:53","modified_gmt":"2020-05-14T14:57:53","slug":"cantem-en-confinament-arrels","status":"publish","type":"post","link":"https:\/\/agora.xtec.cat\/ceip-canpuig\/portada\/cantem-en-confinament-arrels\/","title":{"rendered":"CANTEM EN CONFINAMENT: &#8220;ARRELS&#8221;"},"content":{"rendered":"<p>Aquests dies de confinament, quan no podem estar junts amb els nostres amics i amigues, la m\u00fasica ens pot ajudar a sentir-nos una mica m\u00e9s aprop uns dels altres. Aquells alumnes de 4t que han volgut han preparat la can\u00e7\u00f3 &#8220;Arrels&#8221;, del grup folk Esquirols. Nosaltres nom\u00e9s hem unit les seves veus.<\/p>\n<p><iframe loading=\"lazy\" src=\"https:\/\/www.youtube.com\/embed\/XkCIFa4I8Ww\" width=\"560\" height=\"315\" frameborder=\"0\"><\/iframe><\/p>\n","protected":false},"excerpt":{"rendered":"<p>Aquests dies de confinament, quan no podem estar junts amb els nostres amics i amigues, la m\u00fasica ens pot ajudar a sentir-nos una mica m\u00e9s aprop uns dels altres. Aquells alumnes de 4t que han volgut han preparat la can\u00e7\u00f3 &#8220;Arrels&#8221;, del grup folk Esquirols.&hellip;  <a href=\"https:\/\/agora.xtec.cat\/ceip-canpuig\/portada\/cantem-en-confinament-arrels\/\" title=\"Read CANTEM EN CONFINAMENT: &#8220;ARRELS&#8221;\">Llegeix m\u00e9s\u00bb<\/a><\/p>\n","protected":false},"author":1,"featured_media":11584,"comment_status":"open","ping_status":"closed","sticky":false,"template":"","format":"standard","meta":{"_bbp_topic_count":0,"_bbp_reply_count":0,"_bbp_total_topic_count":0,"_bbp_total_reply_count":0,"_bbp_voice_count":0,"_bbp_anonymous_reply_count":0,"_bbp_topic_count_hidden":0,"_bbp_reply_count_hidden":0,"_bbp_forum_subforum_count":0,"footnotes":""},"categories":[13,129,4,5],"tags":[],"class_list":["post-11583","post","type-post","status-publish","format-standard","has-post-thumbnail","hentry","category-4t","category-curs-2019-2020","category-portada","category-primaria"],"post_mailing_queue_ids":[],"_links":{"self":[{"href":"https:\/\/agora.xtec.cat\/ceip-canpuig\/wp-json\/wp\/v2\/posts\/11583","targetHints":{"allow":["GET"]}}],"collection":[{"href":"https:\/\/agora.xtec.cat\/ceip-canpuig\/wp-json\/wp\/v2\/posts"}],"about":[{"href":"https:\/\/agora.xtec.cat\/ceip-canpuig\/wp-json\/wp\/v2\/types\/post"}],"author":[{"embeddable":true,"href":"https:\/\/agora.xtec.cat\/ceip-canpuig\/wp-json\/wp\/v2\/users\/1"}],"replies":[{"embeddable":true,"href":"https:\/\/agora.xtec.cat\/ceip-canpuig\/wp-json\/wp\/v2\/comments?post=11583"}],"version-history":[{"count":1,"href":"https:\/\/agora.xtec.cat\/ceip-canpuig\/wp-json\/wp\/v2\/posts\/11583\/revisions"}],"predecessor-version":[{"id":11585,"href":"https:\/\/agora.xtec.cat\/ceip-canpuig\/wp-json\/wp\/v2\/posts\/11583\/revisions\/11585"}],"wp:featuredmedia":[{"embeddable":true,"href":"https:\/\/agora.xtec.cat\/ceip-canpuig\/wp-json\/wp\/v2\/media\/11584"}],"wp:attachment":[{"href":"https:\/\/agora.xtec.cat\/ceip-canpuig\/wp-json\/wp\/v2\/media?parent=11583"}],"wp:term":[{"taxonomy":"category","embeddable":true,"href":"https:\/\/agora.xtec.cat\/ceip-canpuig\/wp-json\/wp\/v2\/categories?post=11583"},{"taxonomy":"post_tag","embeddable":true,"href":"https:\/\/agora.xtec.cat\/ceip-canpuig\/wp-json\/wp\/v2\/tags?post=11583"}],"curies":[{"name":"wp","href":"https:\/\/api.w.org\/{rel}","templated":true}]}}