{"id":11531,"date":"2020-04-23T08:36:17","date_gmt":"2020-04-23T06:36:17","guid":{"rendered":"http:\/\/agora.xtec.cat\/ceip-canpuig\/?p=11531"},"modified":"2020-04-24T09:08:46","modified_gmt":"2020-04-24T07:08:46","slug":"felic-diada-de-sant-jordi","status":"publish","type":"post","link":"https:\/\/agora.xtec.cat\/ceip-canpuig\/infantil\/p3\/felic-diada-de-sant-jordi\/","title":{"rendered":"FELI\u00c7 DIADA DE SANT JORDI!"},"content":{"rendered":"<p>Avui, 23 d\u2019abril, \u00e9s la Diada de Sant Jordi, i tamb\u00e9, el Dia Mundial del Llibre. Voleu que us expliquem una curiositat? Doncs resulta que el Dia del Llibre va comen\u00e7ar a Catalunya! Va ser el 7 d\u2019octubre de 1926 que es va celebrar per primera vegada, per\u00f2 poc despr\u00e9s, el 1930, es va instaur\u00e0 al 23 d\u2019abril.<\/p>\n<p>M\u00e9s tard, el 1995, la UNESCO va oficialitzar aquesta data per rendir homenatge als llibres i autors i animar a tothom a descobrir el plaer per la lectura. \u00c9s per aquest motiu, que avui ens fa molta il\u00b7lusi\u00f3 publicar la revista de la nostra escola, \u201cEl Fanalet\u201d! Enguany, degut a la situaci\u00f3 en que ens trobem, us la presentem en format digital, per\u00f2 no patiu, quan tinguem la possibilitat de retornar a l\u2019escola, us l\u2019entregarem en paper. Us animem a llegir-la tranquil\u00b7lament, estem segurs que us agradar\u00e0!<\/p>\n<p>Tamb\u00e9 us compartim una petita animaci\u00f3 de la Llegenda de Sant Jordi feta pels alumnes de l\u2019escola, amb un final, per\u00f2, molt original.<\/p>\n<p>Feli\u00e7 Diada de Sant Jordi a tothom!!!<\/p>\n<p><iframe loading=\"lazy\" title=\"LA LLEGENDA DE SANT JORDI\" width=\"500\" height=\"281\" src=\"https:\/\/www.youtube.com\/embed\/6pGmKed3rkI?feature=oembed\" frameborder=\"0\" allow=\"accelerometer; autoplay; clipboard-write; encrypted-media; gyroscope; picture-in-picture; web-share\" referrerpolicy=\"strict-origin-when-cross-origin\" allowfullscreen><\/iframe><\/p>\n<p><iframe loading=\"lazy\" src=\"https:\/\/agora.xtec.cat\/ceip-canpuig\/wp-content\/uploads\/usu1039\/2020\/04\/Revista_EL_FANALET_definitiva.pdf\" width=\"800\" height=\"700\"><\/iframe><\/p>\n","protected":false},"excerpt":{"rendered":"<p>Avui, 23 d\u2019abril, \u00e9s la Diada de Sant Jordi, i tamb\u00e9, el Dia Mundial del Llibre. Voleu que us expliquem una curiositat? Doncs resulta que el Dia del Llibre va comen\u00e7ar a Catalunya! Va ser el 7 d\u2019octubre de 1926 que es va celebrar per&hellip;  <a href=\"https:\/\/agora.xtec.cat\/ceip-canpuig\/infantil\/p3\/felic-diada-de-sant-jordi\/\" title=\"Read FELI\u00c7 DIADA DE SANT JORDI!\">Llegeix m\u00e9s\u00bb<\/a><\/p>\n","protected":false},"author":1,"featured_media":0,"comment_status":"closed","ping_status":"closed","sticky":false,"template":"","format":"standard","meta":{"_bbp_topic_count":0,"_bbp_reply_count":0,"_bbp_total_topic_count":0,"_bbp_total_reply_count":0,"_bbp_voice_count":0,"_bbp_anonymous_reply_count":0,"_bbp_topic_count_hidden":0,"_bbp_reply_count_hidden":0,"_bbp_forum_subforum_count":0,"footnotes":""},"categories":[10,11,12,13,14,15,129,96,3,8,9,4],"tags":[],"class_list":["post-11531","post","type-post","status-publish","format-standard","hentry","category-1r","category-2n","category-3r","category-4t","category-5e","category-6e","category-curs-2019-2020","category-novetats","category-p3","category-p4","category-p5","category-portada"],"post_mailing_queue_ids":[],"_links":{"self":[{"href":"https:\/\/agora.xtec.cat\/ceip-canpuig\/wp-json\/wp\/v2\/posts\/11531","targetHints":{"allow":["GET"]}}],"collection":[{"href":"https:\/\/agora.xtec.cat\/ceip-canpuig\/wp-json\/wp\/v2\/posts"}],"about":[{"href":"https:\/\/agora.xtec.cat\/ceip-canpuig\/wp-json\/wp\/v2\/types\/post"}],"author":[{"embeddable":true,"href":"https:\/\/agora.xtec.cat\/ceip-canpuig\/wp-json\/wp\/v2\/users\/1"}],"replies":[{"embeddable":true,"href":"https:\/\/agora.xtec.cat\/ceip-canpuig\/wp-json\/wp\/v2\/comments?post=11531"}],"version-history":[{"count":3,"href":"https:\/\/agora.xtec.cat\/ceip-canpuig\/wp-json\/wp\/v2\/posts\/11531\/revisions"}],"predecessor-version":[{"id":11542,"href":"https:\/\/agora.xtec.cat\/ceip-canpuig\/wp-json\/wp\/v2\/posts\/11531\/revisions\/11542"}],"wp:attachment":[{"href":"https:\/\/agora.xtec.cat\/ceip-canpuig\/wp-json\/wp\/v2\/media?parent=11531"}],"wp:term":[{"taxonomy":"category","embeddable":true,"href":"https:\/\/agora.xtec.cat\/ceip-canpuig\/wp-json\/wp\/v2\/categories?post=11531"},{"taxonomy":"post_tag","embeddable":true,"href":"https:\/\/agora.xtec.cat\/ceip-canpuig\/wp-json\/wp\/v2\/tags?post=11531"}],"curies":[{"name":"wp","href":"https:\/\/api.w.org\/{rel}","templated":true}]}}