{"id":11524,"date":"2020-04-21T09:00:02","date_gmt":"2020-04-21T07:00:02","guid":{"rendered":"http:\/\/agora.xtec.cat\/ceip-canpuig\/?p=11524"},"modified":"2020-04-22T08:50:28","modified_gmt":"2020-04-22T06:50:28","slug":"el-conte-davui","status":"publish","type":"post","link":"https:\/\/agora.xtec.cat\/ceip-canpuig\/infantil\/p3\/el-conte-davui\/","title":{"rendered":"EL CONTE D&#8217;AVUI&#8230;"},"content":{"rendered":"<p>Avui us presentem un nou conte, aquesta vegada explicat per la nostra mestra Lia Bertran. \u00c9s un conte molt especial per ella perqu\u00e8 \u00e9s dels primers contes que va tenir. Escolteu-lo amb atenci\u00f3, es diu: &#8220;L&#8217;\u00e0nec i l&#8217;oca juguen a fet i amagar&#8221;.<\/p>\n<p>A gaudir-lo! \ud83d\ude09<\/p>\n<p><iframe loading=\"lazy\" title=\"L&#039;oca i l&#039;\u00e0nec juguen a fet i amagar\" width=\"500\" height=\"281\" src=\"https:\/\/www.youtube.com\/embed\/qUD2g7avg5o?feature=oembed\" frameborder=\"0\" allow=\"accelerometer; autoplay; clipboard-write; encrypted-media; gyroscope; picture-in-picture; web-share\" referrerpolicy=\"strict-origin-when-cross-origin\" allowfullscreen><\/iframe><\/p>\n","protected":false},"excerpt":{"rendered":"<p>Avui us presentem un nou conte, aquesta vegada explicat per la nostra mestra Lia Bertran. \u00c9s un conte molt especial per ella perqu\u00e8 \u00e9s dels primers contes que va tenir. Escolteu-lo amb atenci\u00f3, es diu: &#8220;L&#8217;\u00e0nec i l&#8217;oca juguen a fet i amagar&#8221;.<br \/>\nA gaudir-lo! \ud83d\ude09<\/p>\n","protected":false},"author":1,"featured_media":11526,"comment_status":"closed","ping_status":"closed","sticky":false,"template":"","format":"standard","meta":{"_bbp_topic_count":0,"_bbp_reply_count":0,"_bbp_total_topic_count":0,"_bbp_total_reply_count":0,"_bbp_voice_count":0,"_bbp_anonymous_reply_count":0,"_bbp_topic_count_hidden":0,"_bbp_reply_count_hidden":0,"_bbp_forum_subforum_count":0,"footnotes":""},"categories":[10,11,12,13,14,15,129,96,3,8,9,4],"tags":[],"class_list":["post-11524","post","type-post","status-publish","format-standard","has-post-thumbnail","hentry","category-1r","category-2n","category-3r","category-4t","category-5e","category-6e","category-curs-2019-2020","category-novetats","category-p3","category-p4","category-p5","category-portada"],"post_mailing_queue_ids":[],"_links":{"self":[{"href":"https:\/\/agora.xtec.cat\/ceip-canpuig\/wp-json\/wp\/v2\/posts\/11524","targetHints":{"allow":["GET"]}}],"collection":[{"href":"https:\/\/agora.xtec.cat\/ceip-canpuig\/wp-json\/wp\/v2\/posts"}],"about":[{"href":"https:\/\/agora.xtec.cat\/ceip-canpuig\/wp-json\/wp\/v2\/types\/post"}],"author":[{"embeddable":true,"href":"https:\/\/agora.xtec.cat\/ceip-canpuig\/wp-json\/wp\/v2\/users\/1"}],"replies":[{"embeddable":true,"href":"https:\/\/agora.xtec.cat\/ceip-canpuig\/wp-json\/wp\/v2\/comments?post=11524"}],"version-history":[{"count":1,"href":"https:\/\/agora.xtec.cat\/ceip-canpuig\/wp-json\/wp\/v2\/posts\/11524\/revisions"}],"predecessor-version":[{"id":11525,"href":"https:\/\/agora.xtec.cat\/ceip-canpuig\/wp-json\/wp\/v2\/posts\/11524\/revisions\/11525"}],"wp:featuredmedia":[{"embeddable":true,"href":"https:\/\/agora.xtec.cat\/ceip-canpuig\/wp-json\/wp\/v2\/media\/11526"}],"wp:attachment":[{"href":"https:\/\/agora.xtec.cat\/ceip-canpuig\/wp-json\/wp\/v2\/media?parent=11524"}],"wp:term":[{"taxonomy":"category","embeddable":true,"href":"https:\/\/agora.xtec.cat\/ceip-canpuig\/wp-json\/wp\/v2\/categories?post=11524"},{"taxonomy":"post_tag","embeddable":true,"href":"https:\/\/agora.xtec.cat\/ceip-canpuig\/wp-json\/wp\/v2\/tags?post=11524"}],"curies":[{"name":"wp","href":"https:\/\/api.w.org\/{rel}","templated":true}]}}