{"id":11485,"date":"2020-03-25T13:51:00","date_gmt":"2020-03-25T12:51:00","guid":{"rendered":"http:\/\/agora.xtec.cat\/ceip-canpuig\/?p=11485"},"modified":"2020-03-25T13:51:26","modified_gmt":"2020-03-25T12:51:26","slug":"ajornament-de-la-preinscripcio","status":"publish","type":"post","link":"https:\/\/agora.xtec.cat\/ceip-canpuig\/infantil\/p3\/ajornament-de-la-preinscripcio\/","title":{"rendered":"AJORNAMENT DE LA PREINSCRIPCI\u00d3"},"content":{"rendered":"<p><strong>El Departament d&#8217;Educaci\u00f3 ajorna tots els tr\u00e0mits relacionats amb el proecediment de preinscripci\u00f3 i matriculaci\u00f3 de l&#8217;alumnat de tots els ensenyaments, en totes les etapes.<\/strong><\/p>\n<p>El Departament est\u00e0 treballant per tal que els diferents processos de preinscripci\u00f3 i matriculaci\u00f3 es puguin dur a terme amb totes les garanties. Al mateix temps, es treballa per tal d&#8217;adequar els tr\u00e0mits pensant en les circumst\u00e0ncies actuals.<\/p>\n<p>S&#8217;informar\u00e0 sobre el nou calendari d&#8217;actuacions tant aviat com sigui possible.<\/p>\n<p><img loading=\"lazy\" decoding=\"async\" class=\"alignleft size-full wp-image-11486\" src=\"https:\/\/agora.xtec.cat\/ceip-canpuig\/wp-content\/uploads\/usu1039\/2020\/03\/Captura.jpg\" alt=\"\" width=\"367\" height=\"249\" srcset=\"https:\/\/agora.xtec.cat\/ceip-canpuig\/wp-content\/uploads\/usu1039\/2020\/03\/Captura.jpg 367w, https:\/\/agora.xtec.cat\/ceip-canpuig\/wp-content\/uploads\/usu1039\/2020\/03\/Captura-300x204.jpg 300w\" sizes=\"auto, (max-width: 367px) 100vw, 367px\" \/><\/p>\n","protected":false},"excerpt":{"rendered":"<p>El Departament d&#8217;Educaci\u00f3 ajorna tots els tr\u00e0mits relacionats amb el proecediment de preinscripci\u00f3 i matriculaci\u00f3 de l&#8217;alumnat de tots els ensenyaments, en totes les etapes.<br \/>\nEl Departament est\u00e0 treballant per tal que els diferents processos de preinscripci\u00f3 i matriculaci\u00f3 es puguin dur a terme amb totes&hellip;  <a href=\"https:\/\/agora.xtec.cat\/ceip-canpuig\/infantil\/p3\/ajornament-de-la-preinscripcio\/\" title=\"Read AJORNAMENT DE LA PREINSCRIPCI\u00d3\">Llegeix m\u00e9s\u00bb<\/a><\/p>\n","protected":false},"author":1,"featured_media":0,"comment_status":"closed","ping_status":"closed","sticky":false,"template":"","format":"standard","meta":{"_bbp_topic_count":0,"_bbp_reply_count":0,"_bbp_total_topic_count":0,"_bbp_total_reply_count":0,"_bbp_voice_count":0,"_bbp_anonymous_reply_count":0,"_bbp_topic_count_hidden":0,"_bbp_reply_count_hidden":0,"_bbp_forum_subforum_count":0,"footnotes":""},"categories":[10,11,12,13,14,15,129,96,3,8,9,4],"tags":[],"class_list":["post-11485","post","type-post","status-publish","format-standard","hentry","category-1r","category-2n","category-3r","category-4t","category-5e","category-6e","category-curs-2019-2020","category-novetats","category-p3","category-p4","category-p5","category-portada"],"post_mailing_queue_ids":[],"_links":{"self":[{"href":"https:\/\/agora.xtec.cat\/ceip-canpuig\/wp-json\/wp\/v2\/posts\/11485","targetHints":{"allow":["GET"]}}],"collection":[{"href":"https:\/\/agora.xtec.cat\/ceip-canpuig\/wp-json\/wp\/v2\/posts"}],"about":[{"href":"https:\/\/agora.xtec.cat\/ceip-canpuig\/wp-json\/wp\/v2\/types\/post"}],"author":[{"embeddable":true,"href":"https:\/\/agora.xtec.cat\/ceip-canpuig\/wp-json\/wp\/v2\/users\/1"}],"replies":[{"embeddable":true,"href":"https:\/\/agora.xtec.cat\/ceip-canpuig\/wp-json\/wp\/v2\/comments?post=11485"}],"version-history":[{"count":1,"href":"https:\/\/agora.xtec.cat\/ceip-canpuig\/wp-json\/wp\/v2\/posts\/11485\/revisions"}],"predecessor-version":[{"id":11487,"href":"https:\/\/agora.xtec.cat\/ceip-canpuig\/wp-json\/wp\/v2\/posts\/11485\/revisions\/11487"}],"wp:attachment":[{"href":"https:\/\/agora.xtec.cat\/ceip-canpuig\/wp-json\/wp\/v2\/media?parent=11485"}],"wp:term":[{"taxonomy":"category","embeddable":true,"href":"https:\/\/agora.xtec.cat\/ceip-canpuig\/wp-json\/wp\/v2\/categories?post=11485"},{"taxonomy":"post_tag","embeddable":true,"href":"https:\/\/agora.xtec.cat\/ceip-canpuig\/wp-json\/wp\/v2\/tags?post=11485"}],"curies":[{"name":"wp","href":"https:\/\/api.w.org\/{rel}","templated":true}]}}