{"id":11386,"date":"2020-03-16T11:59:53","date_gmt":"2020-03-16T10:59:53","guid":{"rendered":"http:\/\/agora.xtec.cat\/ceip-canpuig\/?p=11386"},"modified":"2020-03-16T12:06:22","modified_gmt":"2020-03-16T11:06:22","slug":"taller-hort-cicle-mitja-grup-4","status":"publish","type":"post","link":"https:\/\/agora.xtec.cat\/ceip-canpuig\/portada\/taller-hort-cicle-mitja-grup-4\/","title":{"rendered":"TALLER HORT CICLE MITJ\u00c0 (Grup 4)"},"content":{"rendered":"<div>Els alumnes de Cicle Mitj\u00e0, de P4 i P5 del Taller d&#8217;Hort hem seguit treballant a l&#8217;hort i hem continuat les tasques que havien comen\u00e7at els nostres companys i n&#8217;hem iniciat de noves. Aqu\u00ed podeu veure tota la feina que hem fet en el nostre pas pel taller.<\/div>\n<div><\/div>\n<p><iframe loading=\"lazy\" src=\"https:\/\/www.youtube.com\/embed\/UVQbzfbLd9I?rel=0\" width=\"640\" height=\"360\" frameborder=\"0\"><\/iframe><\/p>\n","protected":false},"excerpt":{"rendered":"<p>Els alumnes de Cicle Mitj\u00e0, de P4 i P5 del Taller d&#8217;Hort hem seguit treballant a l&#8217;hort i hem continuat les tasques que havien comen\u00e7at els nostres companys i n&#8217;hem iniciat de noves. Aqu\u00ed podeu veure tota la feina que hem fet en el nostre&hellip;  <a href=\"https:\/\/agora.xtec.cat\/ceip-canpuig\/portada\/taller-hort-cicle-mitja-grup-4\/\" title=\"Read TALLER HORT CICLE MITJ\u00c0 (Grup 4)\">Llegeix m\u00e9s\u00bb<\/a><\/p>\n","protected":false},"author":1,"featured_media":11388,"comment_status":"closed","ping_status":"closed","sticky":false,"template":"","format":"standard","meta":{"_bbp_topic_count":0,"_bbp_reply_count":0,"_bbp_total_topic_count":0,"_bbp_total_reply_count":0,"_bbp_voice_count":0,"_bbp_anonymous_reply_count":0,"_bbp_topic_count_hidden":0,"_bbp_reply_count_hidden":0,"_bbp_forum_subforum_count":0,"footnotes":""},"categories":[12,13,129,4],"tags":[],"class_list":["post-11386","post","type-post","status-publish","format-standard","has-post-thumbnail","hentry","category-3r","category-4t","category-curs-2019-2020","category-portada"],"post_mailing_queue_ids":[],"_links":{"self":[{"href":"https:\/\/agora.xtec.cat\/ceip-canpuig\/wp-json\/wp\/v2\/posts\/11386","targetHints":{"allow":["GET"]}}],"collection":[{"href":"https:\/\/agora.xtec.cat\/ceip-canpuig\/wp-json\/wp\/v2\/posts"}],"about":[{"href":"https:\/\/agora.xtec.cat\/ceip-canpuig\/wp-json\/wp\/v2\/types\/post"}],"author":[{"embeddable":true,"href":"https:\/\/agora.xtec.cat\/ceip-canpuig\/wp-json\/wp\/v2\/users\/1"}],"replies":[{"embeddable":true,"href":"https:\/\/agora.xtec.cat\/ceip-canpuig\/wp-json\/wp\/v2\/comments?post=11386"}],"version-history":[{"count":3,"href":"https:\/\/agora.xtec.cat\/ceip-canpuig\/wp-json\/wp\/v2\/posts\/11386\/revisions"}],"predecessor-version":[{"id":11392,"href":"https:\/\/agora.xtec.cat\/ceip-canpuig\/wp-json\/wp\/v2\/posts\/11386\/revisions\/11392"}],"wp:featuredmedia":[{"embeddable":true,"href":"https:\/\/agora.xtec.cat\/ceip-canpuig\/wp-json\/wp\/v2\/media\/11388"}],"wp:attachment":[{"href":"https:\/\/agora.xtec.cat\/ceip-canpuig\/wp-json\/wp\/v2\/media?parent=11386"}],"wp:term":[{"taxonomy":"category","embeddable":true,"href":"https:\/\/agora.xtec.cat\/ceip-canpuig\/wp-json\/wp\/v2\/categories?post=11386"},{"taxonomy":"post_tag","embeddable":true,"href":"https:\/\/agora.xtec.cat\/ceip-canpuig\/wp-json\/wp\/v2\/tags?post=11386"}],"curies":[{"name":"wp","href":"https:\/\/api.w.org\/{rel}","templated":true}]}}