{"id":11357,"date":"2020-03-06T08:56:53","date_gmt":"2020-03-06T07:56:53","guid":{"rendered":"http:\/\/agora.xtec.cat\/ceip-canpuig\/?p=11357"},"modified":"2020-03-06T08:56:53","modified_gmt":"2020-03-06T07:56:53","slug":"dijous-llarder-ci","status":"publish","type":"post","link":"https:\/\/agora.xtec.cat\/ceip-canpuig\/portada\/dijous-llarder-ci\/","title":{"rendered":"DIJOUS LLARDER (CI)"},"content":{"rendered":"<p>El passat dijous 20 de febrer de 2020 els alumnes de Cicle Inicial vam anar d&#8217;excursi\u00f3 per celebrar el dia de Dijous Llarder.<\/p>\n<p>Vam sortir caminant de l&#8217;escola, vam vorejar una mica l&#8217;estany, vam passar per la Font de la Puda i vam fer un esmorzar cooperatiu en un parc a prop de les Estunes. Despr\u00e9s de jugar una estona vam continuar caminant fins arribar al bosc de Mi\u00e0nigues. All\u00e0 ens hi vam quedar a dinar i jugar plegats.<\/p>\n<div>Mireu que b\u00e9 que ens ho vam passar!!!<\/div>\n<div><\/div>\n<p><iframe loading=\"lazy\" src=\"\/\/www.youtube.com\/embed\/GXy3OI0pbG4\" width=\"560\" height=\"314\"><\/iframe><\/p>\n","protected":false},"excerpt":{"rendered":"<p>El passat dijous 20 de febrer de 2020 els alumnes de Cicle Inicial vam anar d&#8217;excursi\u00f3 per celebrar el dia de Dijous Llarder.<br \/>\nVam sortir caminant de l&#8217;escola, vam vorejar una mica l&#8217;estany, vam passar per la Font de la Puda i vam fer un esmorzar&hellip;  <a href=\"https:\/\/agora.xtec.cat\/ceip-canpuig\/portada\/dijous-llarder-ci\/\" title=\"Read DIJOUS LLARDER (CI)\">Llegeix m\u00e9s\u00bb<\/a><\/p>\n","protected":false},"author":1,"featured_media":11358,"comment_status":"closed","ping_status":"closed","sticky":false,"template":"","format":"standard","meta":{"_bbp_topic_count":0,"_bbp_reply_count":0,"_bbp_total_topic_count":0,"_bbp_total_reply_count":0,"_bbp_voice_count":0,"_bbp_anonymous_reply_count":0,"_bbp_topic_count_hidden":0,"_bbp_reply_count_hidden":0,"_bbp_forum_subforum_count":0,"footnotes":""},"categories":[10,11,129,4,5],"tags":[],"class_list":["post-11357","post","type-post","status-publish","format-standard","has-post-thumbnail","hentry","category-1r","category-2n","category-curs-2019-2020","category-portada","category-primaria"],"post_mailing_queue_ids":[],"_links":{"self":[{"href":"https:\/\/agora.xtec.cat\/ceip-canpuig\/wp-json\/wp\/v2\/posts\/11357","targetHints":{"allow":["GET"]}}],"collection":[{"href":"https:\/\/agora.xtec.cat\/ceip-canpuig\/wp-json\/wp\/v2\/posts"}],"about":[{"href":"https:\/\/agora.xtec.cat\/ceip-canpuig\/wp-json\/wp\/v2\/types\/post"}],"author":[{"embeddable":true,"href":"https:\/\/agora.xtec.cat\/ceip-canpuig\/wp-json\/wp\/v2\/users\/1"}],"replies":[{"embeddable":true,"href":"https:\/\/agora.xtec.cat\/ceip-canpuig\/wp-json\/wp\/v2\/comments?post=11357"}],"version-history":[{"count":2,"href":"https:\/\/agora.xtec.cat\/ceip-canpuig\/wp-json\/wp\/v2\/posts\/11357\/revisions"}],"predecessor-version":[{"id":11360,"href":"https:\/\/agora.xtec.cat\/ceip-canpuig\/wp-json\/wp\/v2\/posts\/11357\/revisions\/11360"}],"wp:featuredmedia":[{"embeddable":true,"href":"https:\/\/agora.xtec.cat\/ceip-canpuig\/wp-json\/wp\/v2\/media\/11358"}],"wp:attachment":[{"href":"https:\/\/agora.xtec.cat\/ceip-canpuig\/wp-json\/wp\/v2\/media?parent=11357"}],"wp:term":[{"taxonomy":"category","embeddable":true,"href":"https:\/\/agora.xtec.cat\/ceip-canpuig\/wp-json\/wp\/v2\/categories?post=11357"},{"taxonomy":"post_tag","embeddable":true,"href":"https:\/\/agora.xtec.cat\/ceip-canpuig\/wp-json\/wp\/v2\/tags?post=11357"}],"curies":[{"name":"wp","href":"https:\/\/api.w.org\/{rel}","templated":true}]}}