{"id":11329,"date":"2020-03-01T16:28:37","date_gmt":"2020-03-01T15:28:37","guid":{"rendered":"http:\/\/agora.xtec.cat\/ceip-canpuig\/?p=11329"},"modified":"2020-03-01T16:28:37","modified_gmt":"2020-03-01T15:28:37","slug":"expliquem-un-conte-amb-el-kamishibai","status":"publish","type":"post","link":"https:\/\/agora.xtec.cat\/ceip-canpuig\/infantil\/expliquem-un-conte-amb-el-kamishibai\/","title":{"rendered":"EXPLIQUEM UN CONTE AMB EL KAMISHIBAI!"},"content":{"rendered":"<p>El Kamishibai \u00e9s un petit teatret i \u00e9s una forma d&#8217;explicar hist\u00f2ries molt habitual al Jap\u00f3. Nosaltres, els nens i nenes de P3, tamb\u00e9 hem volgut practicar aquesta manera d&#8217;explicar contes tot narrant el conte de la rateta que escombrava l&#8217;escaleta.<\/p>\n<p>Despr\u00e9s d&#8217;haver-la explicat amb titelles i a trav\u00e9s del conte, ho hem fet amb el Kamishibai, i ens ho hem passat molt b\u00e9. Ara tenim ganes d&#8217;ensenyar-ho als altres nens i nenes d&#8217;educaci\u00f3 infantil.<\/p>\n<p>Mireu que b\u00e9 que ho hem fet!<\/p>\n<p>&nbsp;<\/p>\n<p><iframe loading=\"lazy\" title=\"KAMISHIBAI\" width=\"500\" height=\"281\" src=\"https:\/\/www.youtube.com\/embed\/phF1KpwqcMk?feature=oembed\" frameborder=\"0\" allow=\"accelerometer; autoplay; clipboard-write; encrypted-media; gyroscope; picture-in-picture; web-share\" referrerpolicy=\"strict-origin-when-cross-origin\" allowfullscreen><\/iframe><\/p>\n","protected":false},"excerpt":{"rendered":"<p>El Kamishibai \u00e9s un petit teatret i \u00e9s una forma d&#8217;explicar hist\u00f2ries molt habitual al Jap\u00f3. Nosaltres, els nens i nenes de P3, tamb\u00e9 hem volgut practicar aquesta manera d&#8217;explicar contes tot narrant el conte de la rateta que escombrava l&#8217;escaleta.<br \/>\nDespr\u00e9s d&#8217;haver-la explicat amb titelles&hellip;  <a href=\"https:\/\/agora.xtec.cat\/ceip-canpuig\/infantil\/expliquem-un-conte-amb-el-kamishibai\/\" title=\"Read EXPLIQUEM UN CONTE AMB EL KAMISHIBAI!\">Llegeix m\u00e9s\u00bb<\/a><\/p>\n","protected":false},"author":1,"featured_media":11330,"comment_status":"closed","ping_status":"closed","sticky":false,"template":"","format":"standard","meta":{"_bbp_topic_count":0,"_bbp_reply_count":0,"_bbp_total_topic_count":0,"_bbp_total_reply_count":0,"_bbp_voice_count":0,"_bbp_anonymous_reply_count":0,"_bbp_topic_count_hidden":0,"_bbp_reply_count_hidden":0,"_bbp_forum_subforum_count":0,"footnotes":""},"categories":[129,2,3,4],"tags":[],"class_list":["post-11329","post","type-post","status-publish","format-standard","has-post-thumbnail","hentry","category-curs-2019-2020","category-infantil","category-p3","category-portada"],"post_mailing_queue_ids":[],"_links":{"self":[{"href":"https:\/\/agora.xtec.cat\/ceip-canpuig\/wp-json\/wp\/v2\/posts\/11329","targetHints":{"allow":["GET"]}}],"collection":[{"href":"https:\/\/agora.xtec.cat\/ceip-canpuig\/wp-json\/wp\/v2\/posts"}],"about":[{"href":"https:\/\/agora.xtec.cat\/ceip-canpuig\/wp-json\/wp\/v2\/types\/post"}],"author":[{"embeddable":true,"href":"https:\/\/agora.xtec.cat\/ceip-canpuig\/wp-json\/wp\/v2\/users\/1"}],"replies":[{"embeddable":true,"href":"https:\/\/agora.xtec.cat\/ceip-canpuig\/wp-json\/wp\/v2\/comments?post=11329"}],"version-history":[{"count":1,"href":"https:\/\/agora.xtec.cat\/ceip-canpuig\/wp-json\/wp\/v2\/posts\/11329\/revisions"}],"predecessor-version":[{"id":11331,"href":"https:\/\/agora.xtec.cat\/ceip-canpuig\/wp-json\/wp\/v2\/posts\/11329\/revisions\/11331"}],"wp:featuredmedia":[{"embeddable":true,"href":"https:\/\/agora.xtec.cat\/ceip-canpuig\/wp-json\/wp\/v2\/media\/11330"}],"wp:attachment":[{"href":"https:\/\/agora.xtec.cat\/ceip-canpuig\/wp-json\/wp\/v2\/media?parent=11329"}],"wp:term":[{"taxonomy":"category","embeddable":true,"href":"https:\/\/agora.xtec.cat\/ceip-canpuig\/wp-json\/wp\/v2\/categories?post=11329"},{"taxonomy":"post_tag","embeddable":true,"href":"https:\/\/agora.xtec.cat\/ceip-canpuig\/wp-json\/wp\/v2\/tags?post=11329"}],"curies":[{"name":"wp","href":"https:\/\/api.w.org\/{rel}","templated":true}]}}