{"id":11320,"date":"2020-03-01T14:57:29","date_gmt":"2020-03-01T13:57:29","guid":{"rendered":"http:\/\/agora.xtec.cat\/ceip-canpuig\/?p=11320"},"modified":"2020-03-02T15:27:59","modified_gmt":"2020-03-02T14:27:59","slug":"sortida-a-sant-mer","status":"publish","type":"post","link":"https:\/\/agora.xtec.cat\/ceip-canpuig\/portada\/sortida-a-sant-mer\/","title":{"rendered":"SORTIDA A SANT MER"},"content":{"rendered":"<p style=\"text-align: justify;\"><span style=\"font-weight: 400;\">El dimecres 19 de febrer els nens i les nenes i les mestres i els mestres de cicle mitj\u00e0 i cicle superior vam anar a Sant Mer. Durant el cam\u00ed d\u2019anada tothom estava molt emocionat i amb ganes d\u2019arribar. Vam construir cabanyes, ens vam pintar amb carb\u00f3, vam jugar\u2026 M\u00e9s tard, vam fer el dinar cooperatiu, era bon\u00edssim! Va ser una jornada fant\u00e0stica!<\/span><\/p>\n<p><iframe loading=\"lazy\" src=\"https:\/\/www.youtube.com\/embed\/QWciUlGIfuk?rel=0\" width=\"640\" height=\"360\" frameborder=\"0\"><\/iframe><\/p>\n","protected":false},"excerpt":{"rendered":"<p>El dimecres 19 de febrer els nens i les nenes i les mestres i els mestres de cicle mitj\u00e0 i cicle superior vam anar a Sant Mer. Durant el cam\u00ed d\u2019anada tothom estava molt emocionat i amb ganes d\u2019arribar. Vam construir cabanyes, ens vam pintar&hellip;  <a href=\"https:\/\/agora.xtec.cat\/ceip-canpuig\/portada\/sortida-a-sant-mer\/\" title=\"Read SORTIDA A SANT MER\">Llegeix m\u00e9s\u00bb<\/a><\/p>\n","protected":false},"author":1,"featured_media":11328,"comment_status":"closed","ping_status":"closed","sticky":false,"template":"","format":"standard","meta":{"_bbp_topic_count":0,"_bbp_reply_count":0,"_bbp_total_topic_count":0,"_bbp_total_reply_count":0,"_bbp_voice_count":0,"_bbp_anonymous_reply_count":0,"_bbp_topic_count_hidden":0,"_bbp_reply_count_hidden":0,"_bbp_forum_subforum_count":0,"footnotes":""},"categories":[12,13,14,15,129,4],"tags":[],"class_list":["post-11320","post","type-post","status-publish","format-standard","has-post-thumbnail","hentry","category-3r","category-4t","category-5e","category-6e","category-curs-2019-2020","category-portada"],"post_mailing_queue_ids":[],"_links":{"self":[{"href":"https:\/\/agora.xtec.cat\/ceip-canpuig\/wp-json\/wp\/v2\/posts\/11320","targetHints":{"allow":["GET"]}}],"collection":[{"href":"https:\/\/agora.xtec.cat\/ceip-canpuig\/wp-json\/wp\/v2\/posts"}],"about":[{"href":"https:\/\/agora.xtec.cat\/ceip-canpuig\/wp-json\/wp\/v2\/types\/post"}],"author":[{"embeddable":true,"href":"https:\/\/agora.xtec.cat\/ceip-canpuig\/wp-json\/wp\/v2\/users\/1"}],"replies":[{"embeddable":true,"href":"https:\/\/agora.xtec.cat\/ceip-canpuig\/wp-json\/wp\/v2\/comments?post=11320"}],"version-history":[{"count":3,"href":"https:\/\/agora.xtec.cat\/ceip-canpuig\/wp-json\/wp\/v2\/posts\/11320\/revisions"}],"predecessor-version":[{"id":11327,"href":"https:\/\/agora.xtec.cat\/ceip-canpuig\/wp-json\/wp\/v2\/posts\/11320\/revisions\/11327"}],"wp:featuredmedia":[{"embeddable":true,"href":"https:\/\/agora.xtec.cat\/ceip-canpuig\/wp-json\/wp\/v2\/media\/11328"}],"wp:attachment":[{"href":"https:\/\/agora.xtec.cat\/ceip-canpuig\/wp-json\/wp\/v2\/media?parent=11320"}],"wp:term":[{"taxonomy":"category","embeddable":true,"href":"https:\/\/agora.xtec.cat\/ceip-canpuig\/wp-json\/wp\/v2\/categories?post=11320"},{"taxonomy":"post_tag","embeddable":true,"href":"https:\/\/agora.xtec.cat\/ceip-canpuig\/wp-json\/wp\/v2\/tags?post=11320"}],"curies":[{"name":"wp","href":"https:\/\/api.w.org\/{rel}","templated":true}]}}