{"id":11273,"date":"2020-02-03T13:15:37","date_gmt":"2020-02-03T12:15:37","guid":{"rendered":"http:\/\/agora.xtec.cat\/ceip-canpuig\/?p=11273"},"modified":"2020-02-03T13:16:03","modified_gmt":"2020-02-03T12:16:03","slug":"anem-a-veure-la-nostra-maqueta-al-museu","status":"publish","type":"post","link":"https:\/\/agora.xtec.cat\/ceip-canpuig\/portada\/anem-a-veure-la-nostra-maqueta-al-museu\/","title":{"rendered":"ANEM A VEURE LA NOSTRA MAQUETA AL MUSEU!"},"content":{"rendered":"<p>El passat 24 de gener els nens i nenes de segon vam anar a veure la maqueta que nosaltres mateixos hav\u00edem creat i que estava exposada al Museu Arqueol\u00f2gic de Banyoles. En Quim Tremoleda, que ens ha ajudat molt durant tot el proc\u00e9s d&#8217;elaboraci\u00f3 de la maqueta, tamb\u00e9 va venir a visitar-la. Vam poder explicar tot all\u00f2 que\u00a0hav\u00edem\u00a0apr\u00e8s\u00a0i ens va resoldre alguns dubtes que encara\u00a0ten\u00edem. Finalment ens va regalar dos dels seus llibres i ens els va dedicar. Estem molt\u00a0agra\u00efts\u00a0per tota la seva ajuda.<\/p>\n<p><iframe loading=\"lazy\" src=\"\/\/www.youtube.com\/embed\/W0eVUNmcO4k\" width=\"560\" height=\"314\" allowfullscreen=\"allowfullscreen\"><\/iframe><\/p>\n<p>&nbsp;<\/p>\n","protected":false},"excerpt":{"rendered":"<p>El passat 24 de gener els nens i nenes de segon vam anar a veure la maqueta que nosaltres mateixos hav\u00edem creat i que estava exposada al Museu Arqueol\u00f2gic de Banyoles. En Quim Tremoleda, que ens ha ajudat molt durant tot el proc\u00e9s d&#8217;elaboraci\u00f3 de&hellip;  <a href=\"https:\/\/agora.xtec.cat\/ceip-canpuig\/portada\/anem-a-veure-la-nostra-maqueta-al-museu\/\" title=\"Read ANEM A VEURE LA NOSTRA MAQUETA AL MUSEU!\">Llegeix m\u00e9s\u00bb<\/a><\/p>\n","protected":false},"author":1,"featured_media":11274,"comment_status":"closed","ping_status":"closed","sticky":false,"template":"","format":"standard","meta":{"_bbp_topic_count":0,"_bbp_reply_count":0,"_bbp_total_topic_count":0,"_bbp_total_reply_count":0,"_bbp_voice_count":0,"_bbp_anonymous_reply_count":0,"_bbp_topic_count_hidden":0,"_bbp_reply_count_hidden":0,"_bbp_forum_subforum_count":0,"footnotes":""},"categories":[11,129,4,5],"tags":[],"class_list":["post-11273","post","type-post","status-publish","format-standard","has-post-thumbnail","hentry","category-2n","category-curs-2019-2020","category-portada","category-primaria"],"post_mailing_queue_ids":[],"_links":{"self":[{"href":"https:\/\/agora.xtec.cat\/ceip-canpuig\/wp-json\/wp\/v2\/posts\/11273","targetHints":{"allow":["GET"]}}],"collection":[{"href":"https:\/\/agora.xtec.cat\/ceip-canpuig\/wp-json\/wp\/v2\/posts"}],"about":[{"href":"https:\/\/agora.xtec.cat\/ceip-canpuig\/wp-json\/wp\/v2\/types\/post"}],"author":[{"embeddable":true,"href":"https:\/\/agora.xtec.cat\/ceip-canpuig\/wp-json\/wp\/v2\/users\/1"}],"replies":[{"embeddable":true,"href":"https:\/\/agora.xtec.cat\/ceip-canpuig\/wp-json\/wp\/v2\/comments?post=11273"}],"version-history":[{"count":1,"href":"https:\/\/agora.xtec.cat\/ceip-canpuig\/wp-json\/wp\/v2\/posts\/11273\/revisions"}],"predecessor-version":[{"id":11275,"href":"https:\/\/agora.xtec.cat\/ceip-canpuig\/wp-json\/wp\/v2\/posts\/11273\/revisions\/11275"}],"wp:featuredmedia":[{"embeddable":true,"href":"https:\/\/agora.xtec.cat\/ceip-canpuig\/wp-json\/wp\/v2\/media\/11274"}],"wp:attachment":[{"href":"https:\/\/agora.xtec.cat\/ceip-canpuig\/wp-json\/wp\/v2\/media?parent=11273"}],"wp:term":[{"taxonomy":"category","embeddable":true,"href":"https:\/\/agora.xtec.cat\/ceip-canpuig\/wp-json\/wp\/v2\/categories?post=11273"},{"taxonomy":"post_tag","embeddable":true,"href":"https:\/\/agora.xtec.cat\/ceip-canpuig\/wp-json\/wp\/v2\/tags?post=11273"}],"curies":[{"name":"wp","href":"https:\/\/api.w.org\/{rel}","templated":true}]}}