{"id":11268,"date":"2020-01-30T16:12:52","date_gmt":"2020-01-30T15:12:52","guid":{"rendered":"http:\/\/agora.xtec.cat\/ceip-canpuig\/?p=11268"},"modified":"2020-01-30T16:17:46","modified_gmt":"2020-01-30T15:17:46","slug":"dia-de-la-no-violencia-i-la-pau","status":"publish","type":"post","link":"https:\/\/agora.xtec.cat\/ceip-canpuig\/portada\/dia-de-la-no-violencia-i-la-pau\/","title":{"rendered":"DIA DE LA NO VIOL\u00c8NCIA I LA PAU"},"content":{"rendered":"<p>Avui, 30 de gener, a l&#8217;escola hem celebrat el Dia de la No Viol\u00e8ncia i la Pau.<\/p>\n<p>Ens hem trobat tots a la pista on conjuntament hem format el s\u00edmbol de la Pau. Llavors, els alumnes de 6\u00e8 ens han llegit petits textos relacionats amb la Pau i, tots junts, hem cantat la can\u00e7\u00f3 &#8220;L&#8217;estel i el pi&#8221; d&#8217;en Toni Gim\u00e9nez.<\/p>\n<p><iframe loading=\"lazy\" title=\"Dia de la No Viol\u00e8ncia i la Pau 2020\" width=\"500\" height=\"281\" src=\"https:\/\/www.youtube.com\/embed\/15pLI0TEi5Q?feature=oembed\" frameborder=\"0\" allow=\"accelerometer; autoplay; clipboard-write; encrypted-media; gyroscope; picture-in-picture; web-share\" referrerpolicy=\"strict-origin-when-cross-origin\" allowfullscreen><\/iframe><\/p>\n<p><img loading=\"lazy\" decoding=\"async\" class=\"aligncenter size-full wp-image-11269\" src=\"https:\/\/agora.xtec.cat\/ceip-canpuig\/wp-content\/uploads\/usu1039\/2020\/01\/Dia-de-la-Pau.jpg\" alt=\"\" width=\"2100\" height=\"1575\" \/><\/p>\n","protected":false},"excerpt":{"rendered":"<p>Avui, 30 de gener, a l&#8217;escola hem celebrat el Dia de la No Viol\u00e8ncia i la Pau.<br \/>\nEns hem trobat tots a la pista on conjuntament hem format el s\u00edmbol de la Pau. Llavors, els alumnes de 6\u00e8 ens han llegit petits textos relacionats amb la&hellip;  <a href=\"https:\/\/agora.xtec.cat\/ceip-canpuig\/portada\/dia-de-la-no-violencia-i-la-pau\/\" title=\"Read DIA DE LA NO VIOL\u00c8NCIA I LA PAU\">Llegeix m\u00e9s\u00bb<\/a><\/p>\n","protected":false},"author":1,"featured_media":11269,"comment_status":"closed","ping_status":"closed","sticky":false,"template":"","format":"standard","meta":{"_bbp_topic_count":0,"_bbp_reply_count":0,"_bbp_total_topic_count":0,"_bbp_total_reply_count":0,"_bbp_voice_count":0,"_bbp_anonymous_reply_count":0,"_bbp_topic_count_hidden":0,"_bbp_reply_count_hidden":0,"_bbp_forum_subforum_count":0,"footnotes":""},"categories":[129,96,4],"tags":[],"class_list":["post-11268","post","type-post","status-publish","format-standard","has-post-thumbnail","hentry","category-curs-2019-2020","category-novetats","category-portada"],"post_mailing_queue_ids":[],"_links":{"self":[{"href":"https:\/\/agora.xtec.cat\/ceip-canpuig\/wp-json\/wp\/v2\/posts\/11268","targetHints":{"allow":["GET"]}}],"collection":[{"href":"https:\/\/agora.xtec.cat\/ceip-canpuig\/wp-json\/wp\/v2\/posts"}],"about":[{"href":"https:\/\/agora.xtec.cat\/ceip-canpuig\/wp-json\/wp\/v2\/types\/post"}],"author":[{"embeddable":true,"href":"https:\/\/agora.xtec.cat\/ceip-canpuig\/wp-json\/wp\/v2\/users\/1"}],"replies":[{"embeddable":true,"href":"https:\/\/agora.xtec.cat\/ceip-canpuig\/wp-json\/wp\/v2\/comments?post=11268"}],"version-history":[{"count":3,"href":"https:\/\/agora.xtec.cat\/ceip-canpuig\/wp-json\/wp\/v2\/posts\/11268\/revisions"}],"predecessor-version":[{"id":11272,"href":"https:\/\/agora.xtec.cat\/ceip-canpuig\/wp-json\/wp\/v2\/posts\/11268\/revisions\/11272"}],"wp:featuredmedia":[{"embeddable":true,"href":"https:\/\/agora.xtec.cat\/ceip-canpuig\/wp-json\/wp\/v2\/media\/11269"}],"wp:attachment":[{"href":"https:\/\/agora.xtec.cat\/ceip-canpuig\/wp-json\/wp\/v2\/media?parent=11268"}],"wp:term":[{"taxonomy":"category","embeddable":true,"href":"https:\/\/agora.xtec.cat\/ceip-canpuig\/wp-json\/wp\/v2\/categories?post=11268"},{"taxonomy":"post_tag","embeddable":true,"href":"https:\/\/agora.xtec.cat\/ceip-canpuig\/wp-json\/wp\/v2\/tags?post=11268"}],"curies":[{"name":"wp","href":"https:\/\/api.w.org\/{rel}","templated":true}]}}