{"id":11184,"date":"2020-01-08T13:08:44","date_gmt":"2020-01-08T12:08:44","guid":{"rendered":"http:\/\/agora.xtec.cat\/ceip-canpuig\/?p=11184"},"modified":"2020-01-08T13:09:19","modified_gmt":"2020-01-08T12:09:19","slug":"descobrim-el-casc-antic-de-banyoles","status":"publish","type":"post","link":"https:\/\/agora.xtec.cat\/ceip-canpuig\/portada\/descobrim-el-casc-antic-de-banyoles\/","title":{"rendered":"DESCOBRIM EL CASC ANTIC DE BANYOLES!"},"content":{"rendered":"<p>Els nens i nenes de tercer hem fet un projecte de descoberta sobre el casc antic de Banyoles. Hem anat al barri vell utilitzant el pl\u00e0nol, hem fet un estudi del mobiliari urb\u00e0 i algunes propostes de millora. I finalment hem apr\u00e8s els trets m\u00e9s importants del patrimoni cultural de la nostra ciutat.<\/p>\n<p>Aqu\u00ed teniu un mapa interactiu amb l\u2019itinerari que vam fer i alguns v\u00eddeos fets per nosaltres sobre el qu\u00e8 hem apr\u00e8s: <a href=\"https:\/\/maphub.net\/Cascanticbanyoles\/casc\">https:\/\/maphub.net\/Cascanticbanyoles\/casc<\/a><\/p>\n<p>Si voleu acabar de veure tots els v\u00eddeos podeu utilitzar els codis QR que trobareu a continuaci\u00f3.<\/p>\n<p><img loading=\"lazy\" decoding=\"async\" class=\"aligncenter size-full wp-image-11185\" src=\"https:\/\/agora.xtec.cat\/ceip-canpuig\/wp-content\/uploads\/usu1039\/2020\/01\/QR_casc_antic_BLOG.jpg\" alt=\"\" width=\"894\" height=\"523\" srcset=\"https:\/\/agora.xtec.cat\/ceip-canpuig\/wp-content\/uploads\/usu1039\/2020\/01\/QR_casc_antic_BLOG.jpg 894w, https:\/\/agora.xtec.cat\/ceip-canpuig\/wp-content\/uploads\/usu1039\/2020\/01\/QR_casc_antic_BLOG-300x176.jpg 300w, https:\/\/agora.xtec.cat\/ceip-canpuig\/wp-content\/uploads\/usu1039\/2020\/01\/QR_casc_antic_BLOG-768x449.jpg 768w\" sizes=\"auto, (max-width: 894px) 100vw, 894px\" \/><\/p>\n<p>&nbsp;<\/p>\n<p>Esperem que us agradi!!!!<\/p>\n","protected":false},"excerpt":{"rendered":"<p>Els nens i nenes de tercer hem fet un projecte de descoberta sobre el casc antic de Banyoles. Hem anat al barri vell utilitzant el pl\u00e0nol, hem fet un estudi del mobiliari urb\u00e0 i algunes propostes de millora. I finalment hem apr\u00e8s els trets m\u00e9s&hellip;  <a href=\"https:\/\/agora.xtec.cat\/ceip-canpuig\/portada\/descobrim-el-casc-antic-de-banyoles\/\" title=\"Read DESCOBRIM EL CASC ANTIC DE BANYOLES!\">Llegeix m\u00e9s\u00bb<\/a><\/p>\n","protected":false},"author":1,"featured_media":11185,"comment_status":"closed","ping_status":"closed","sticky":false,"template":"","format":"standard","meta":{"_bbp_topic_count":0,"_bbp_reply_count":0,"_bbp_total_topic_count":0,"_bbp_total_reply_count":0,"_bbp_voice_count":0,"_bbp_anonymous_reply_count":0,"_bbp_topic_count_hidden":0,"_bbp_reply_count_hidden":0,"_bbp_forum_subforum_count":0,"footnotes":""},"categories":[12,129,4,5],"tags":[],"class_list":["post-11184","post","type-post","status-publish","format-standard","has-post-thumbnail","hentry","category-3r","category-curs-2019-2020","category-portada","category-primaria"],"post_mailing_queue_ids":[],"_links":{"self":[{"href":"https:\/\/agora.xtec.cat\/ceip-canpuig\/wp-json\/wp\/v2\/posts\/11184","targetHints":{"allow":["GET"]}}],"collection":[{"href":"https:\/\/agora.xtec.cat\/ceip-canpuig\/wp-json\/wp\/v2\/posts"}],"about":[{"href":"https:\/\/agora.xtec.cat\/ceip-canpuig\/wp-json\/wp\/v2\/types\/post"}],"author":[{"embeddable":true,"href":"https:\/\/agora.xtec.cat\/ceip-canpuig\/wp-json\/wp\/v2\/users\/1"}],"replies":[{"embeddable":true,"href":"https:\/\/agora.xtec.cat\/ceip-canpuig\/wp-json\/wp\/v2\/comments?post=11184"}],"version-history":[{"count":1,"href":"https:\/\/agora.xtec.cat\/ceip-canpuig\/wp-json\/wp\/v2\/posts\/11184\/revisions"}],"predecessor-version":[{"id":11186,"href":"https:\/\/agora.xtec.cat\/ceip-canpuig\/wp-json\/wp\/v2\/posts\/11184\/revisions\/11186"}],"wp:featuredmedia":[{"embeddable":true,"href":"https:\/\/agora.xtec.cat\/ceip-canpuig\/wp-json\/wp\/v2\/media\/11185"}],"wp:attachment":[{"href":"https:\/\/agora.xtec.cat\/ceip-canpuig\/wp-json\/wp\/v2\/media?parent=11184"}],"wp:term":[{"taxonomy":"category","embeddable":true,"href":"https:\/\/agora.xtec.cat\/ceip-canpuig\/wp-json\/wp\/v2\/categories?post=11184"},{"taxonomy":"post_tag","embeddable":true,"href":"https:\/\/agora.xtec.cat\/ceip-canpuig\/wp-json\/wp\/v2\/tags?post=11184"}],"curies":[{"name":"wp","href":"https:\/\/api.w.org\/{rel}","templated":true}]}}