{"id":11178,"date":"2020-01-08T13:02:54","date_gmt":"2020-01-08T12:02:54","guid":{"rendered":"http:\/\/agora.xtec.cat\/ceip-canpuig\/?p=11178"},"modified":"2020-01-08T13:02:54","modified_gmt":"2020-01-08T12:02:54","slug":"taller-dhort-de-cicle-mitja-grup-2","status":"publish","type":"post","link":"https:\/\/agora.xtec.cat\/ceip-canpuig\/portada\/taller-dhort-de-cicle-mitja-grup-2\/","title":{"rendered":"TALLER D&#8217;HORT DE CICLE MITJ\u00c0 &#8211; GRUP 2"},"content":{"rendered":"<p>Els alumnes del segon grup del Taller d&#8217;Hort de Cicle Mitj\u00e0 hem fet les seg\u00fcents tasques: llaurar, posar estaques per delimitar espais, sembrar faves i p\u00e8sols, sembrar escaroles i espinacs i regar l&#8217;hort, els arbres fruiters i les plantes arom\u00e0tiques. Hem col.laborat amb els\/les nostres companys\/es de P4 i P5 per fer algunes d&#8217;aquestes tasques.<\/p>\n<p><iframe loading=\"lazy\" src=\"https:\/\/www.youtube.com\/embed\/-nUM5THKHsE\" width=\"560\" height=\"315\" frameborder=\"0\" allowfullscreen=\"allowfullscreen\"><\/iframe><\/p>\n","protected":false},"excerpt":{"rendered":"<p>Els alumnes del segon grup del Taller d&#8217;Hort de Cicle Mitj\u00e0 hem fet les seg\u00fcents tasques: llaurar, posar estaques per delimitar espais, sembrar faves i p\u00e8sols, sembrar escaroles i espinacs i regar l&#8217;hort, els arbres fruiters i les plantes arom\u00e0tiques. Hem col.laborat amb els\/les nostres&hellip;  <a href=\"https:\/\/agora.xtec.cat\/ceip-canpuig\/portada\/taller-dhort-de-cicle-mitja-grup-2\/\" title=\"Read TALLER D&#8217;HORT DE CICLE MITJ\u00c0 &#8211; GRUP 2\">Llegeix m\u00e9s\u00bb<\/a><\/p>\n","protected":false},"author":1,"featured_media":11179,"comment_status":"closed","ping_status":"closed","sticky":false,"template":"","format":"standard","meta":{"_bbp_topic_count":0,"_bbp_reply_count":0,"_bbp_total_topic_count":0,"_bbp_total_reply_count":0,"_bbp_voice_count":0,"_bbp_anonymous_reply_count":0,"_bbp_topic_count_hidden":0,"_bbp_reply_count_hidden":0,"_bbp_forum_subforum_count":0,"footnotes":""},"categories":[12,13,129,4,5],"tags":[],"class_list":["post-11178","post","type-post","status-publish","format-standard","has-post-thumbnail","hentry","category-3r","category-4t","category-curs-2019-2020","category-portada","category-primaria"],"post_mailing_queue_ids":[],"_links":{"self":[{"href":"https:\/\/agora.xtec.cat\/ceip-canpuig\/wp-json\/wp\/v2\/posts\/11178","targetHints":{"allow":["GET"]}}],"collection":[{"href":"https:\/\/agora.xtec.cat\/ceip-canpuig\/wp-json\/wp\/v2\/posts"}],"about":[{"href":"https:\/\/agora.xtec.cat\/ceip-canpuig\/wp-json\/wp\/v2\/types\/post"}],"author":[{"embeddable":true,"href":"https:\/\/agora.xtec.cat\/ceip-canpuig\/wp-json\/wp\/v2\/users\/1"}],"replies":[{"embeddable":true,"href":"https:\/\/agora.xtec.cat\/ceip-canpuig\/wp-json\/wp\/v2\/comments?post=11178"}],"version-history":[{"count":1,"href":"https:\/\/agora.xtec.cat\/ceip-canpuig\/wp-json\/wp\/v2\/posts\/11178\/revisions"}],"predecessor-version":[{"id":11180,"href":"https:\/\/agora.xtec.cat\/ceip-canpuig\/wp-json\/wp\/v2\/posts\/11178\/revisions\/11180"}],"wp:featuredmedia":[{"embeddable":true,"href":"https:\/\/agora.xtec.cat\/ceip-canpuig\/wp-json\/wp\/v2\/media\/11179"}],"wp:attachment":[{"href":"https:\/\/agora.xtec.cat\/ceip-canpuig\/wp-json\/wp\/v2\/media?parent=11178"}],"wp:term":[{"taxonomy":"category","embeddable":true,"href":"https:\/\/agora.xtec.cat\/ceip-canpuig\/wp-json\/wp\/v2\/categories?post=11178"},{"taxonomy":"post_tag","embeddable":true,"href":"https:\/\/agora.xtec.cat\/ceip-canpuig\/wp-json\/wp\/v2\/tags?post=11178"}],"curies":[{"name":"wp","href":"https:\/\/api.w.org\/{rel}","templated":true}]}}