{"id":11170,"date":"2020-01-08T11:35:05","date_gmt":"2020-01-08T10:35:05","guid":{"rendered":"http:\/\/agora.xtec.cat\/ceip-canpuig\/?p=11170"},"modified":"2020-01-08T11:35:32","modified_gmt":"2020-01-08T10:35:32","slug":"taller-dhort-alumnes-de-ci-i-p3","status":"publish","type":"post","link":"https:\/\/agora.xtec.cat\/ceip-canpuig\/infantil\/p3\/taller-dhort-alumnes-de-ci-i-p3\/","title":{"rendered":"TALLER D&#8217;HORT &#8211; ALUMNES DE CI i P3"},"content":{"rendered":"<p>Els\/les alumnes de Cicle Inicial col.laborem junts en el Taller d&#8217;Hort. El primer trimestre vam llaurar l&#8217;hort i hi vam plantar faves i p\u00e8sols.<\/p>\n<p>A m\u00e9s, aquest curs els\/les alumnes de Cicle Inicial tamb\u00e9 hem comen\u00e7at un Rac\u00f3 de Plantes Arom\u00e0tiques. De moment, hem plantat julivert, camamilla, menta i farigola.<\/p>\n<p><iframe loading=\"lazy\" src=\"\/\/www.youtube.com\/embed\/UHd2E6ExkB8\" width=\"560\" height=\"314\" allowfullscreen=\"allowfullscreen\"><\/iframe><\/p>\n","protected":false},"excerpt":{"rendered":"<p>Els\/les alumnes de Cicle Inicial col.laborem junts en el Taller d&#8217;Hort. El primer trimestre vam llaurar l&#8217;hort i hi vam plantar faves i p\u00e8sols.<br \/>\nA m\u00e9s, aquest curs els\/les alumnes de Cicle Inicial tamb\u00e9 hem comen\u00e7at un Rac\u00f3 de Plantes Arom\u00e0tiques. De moment, hem plantat julivert,&hellip;  <a href=\"https:\/\/agora.xtec.cat\/ceip-canpuig\/infantil\/p3\/taller-dhort-alumnes-de-ci-i-p3\/\" title=\"Read TALLER D&#8217;HORT &#8211; ALUMNES DE CI i P3\">Llegeix m\u00e9s\u00bb<\/a><\/p>\n","protected":false},"author":1,"featured_media":11171,"comment_status":"closed","ping_status":"closed","sticky":false,"template":"","format":"standard","meta":{"_bbp_topic_count":0,"_bbp_reply_count":0,"_bbp_total_topic_count":0,"_bbp_total_reply_count":0,"_bbp_voice_count":0,"_bbp_anonymous_reply_count":0,"_bbp_topic_count_hidden":0,"_bbp_reply_count_hidden":0,"_bbp_forum_subforum_count":0,"footnotes":""},"categories":[10,11,129,3,4,5],"tags":[],"class_list":["post-11170","post","type-post","status-publish","format-standard","has-post-thumbnail","hentry","category-1r","category-2n","category-curs-2019-2020","category-p3","category-portada","category-primaria"],"post_mailing_queue_ids":[],"_links":{"self":[{"href":"https:\/\/agora.xtec.cat\/ceip-canpuig\/wp-json\/wp\/v2\/posts\/11170","targetHints":{"allow":["GET"]}}],"collection":[{"href":"https:\/\/agora.xtec.cat\/ceip-canpuig\/wp-json\/wp\/v2\/posts"}],"about":[{"href":"https:\/\/agora.xtec.cat\/ceip-canpuig\/wp-json\/wp\/v2\/types\/post"}],"author":[{"embeddable":true,"href":"https:\/\/agora.xtec.cat\/ceip-canpuig\/wp-json\/wp\/v2\/users\/1"}],"replies":[{"embeddable":true,"href":"https:\/\/agora.xtec.cat\/ceip-canpuig\/wp-json\/wp\/v2\/comments?post=11170"}],"version-history":[{"count":1,"href":"https:\/\/agora.xtec.cat\/ceip-canpuig\/wp-json\/wp\/v2\/posts\/11170\/revisions"}],"predecessor-version":[{"id":11172,"href":"https:\/\/agora.xtec.cat\/ceip-canpuig\/wp-json\/wp\/v2\/posts\/11170\/revisions\/11172"}],"wp:featuredmedia":[{"embeddable":true,"href":"https:\/\/agora.xtec.cat\/ceip-canpuig\/wp-json\/wp\/v2\/media\/11171"}],"wp:attachment":[{"href":"https:\/\/agora.xtec.cat\/ceip-canpuig\/wp-json\/wp\/v2\/media?parent=11170"}],"wp:term":[{"taxonomy":"category","embeddable":true,"href":"https:\/\/agora.xtec.cat\/ceip-canpuig\/wp-json\/wp\/v2\/categories?post=11170"},{"taxonomy":"post_tag","embeddable":true,"href":"https:\/\/agora.xtec.cat\/ceip-canpuig\/wp-json\/wp\/v2\/tags?post=11170"}],"curies":[{"name":"wp","href":"https:\/\/api.w.org\/{rel}","templated":true}]}}