{"id":11147,"date":"2019-12-16T15:29:52","date_gmt":"2019-12-16T14:29:52","guid":{"rendered":"http:\/\/agora.xtec.cat\/ceip-canpuig\/?p=11147"},"modified":"2020-06-26T12:32:50","modified_gmt":"2020-06-26T10:32:50","slug":"festa-nadal","status":"publish","type":"post","link":"https:\/\/agora.xtec.cat\/ceip-canpuig\/portada\/festa-nadal\/","title":{"rendered":"FESTA NADAL"},"content":{"rendered":"<p style=\"text-align: justify;\">El passat diumenge 15 de desembre vam celebrar la Festa de Nadal de l\u2019escola. Els nens i les nenes van cantar nadales per cicles i m\u00e9s tard les fam\u00edlies van poden visitar els pessebres i la decoraci\u00f3 nadalenca de l\u2019escola. L\u2019AMPA va organitzar un taller de manualitats de Nadal i es va fer una xocolatada solid\u00e0ria per a la Marat\u00f3 de TV3.<\/p>\n<p>&nbsp;<\/p>\n<p><iframe loading=\"lazy\" title=\"FestaNadalFamilies1\" width=\"500\" height=\"375\" src=\"https:\/\/www.youtube.com\/embed\/YsXNunG2QJA?feature=oembed\" frameborder=\"0\" allow=\"accelerometer; autoplay; clipboard-write; encrypted-media; gyroscope; picture-in-picture; web-share\" referrerpolicy=\"strict-origin-when-cross-origin\" allowfullscreen><\/iframe><\/p>\n","protected":false},"excerpt":{"rendered":"<p>El passat diumenge 15 de desembre vam celebrar la Festa de Nadal de l\u2019escola. Els nens i les nenes van cantar nadales per cicles i m\u00e9s tard les fam\u00edlies van poden visitar els pessebres i la decoraci\u00f3 nadalenca de l\u2019escola. L\u2019AMPA va organitzar un taller&hellip;  <a href=\"https:\/\/agora.xtec.cat\/ceip-canpuig\/portada\/festa-nadal\/\" title=\"Read FESTA NADAL\">Llegeix m\u00e9s\u00bb<\/a><\/p>\n","protected":false},"author":1,"featured_media":0,"comment_status":"closed","ping_status":"closed","sticky":false,"template":"","format":"standard","meta":{"_bbp_topic_count":0,"_bbp_reply_count":0,"_bbp_total_topic_count":0,"_bbp_total_reply_count":0,"_bbp_voice_count":0,"_bbp_anonymous_reply_count":0,"_bbp_topic_count_hidden":0,"_bbp_reply_count_hidden":0,"_bbp_forum_subforum_count":0,"footnotes":""},"categories":[129,96,4],"tags":[],"class_list":["post-11147","post","type-post","status-publish","format-standard","hentry","category-curs-2019-2020","category-novetats","category-portada"],"post_mailing_queue_ids":[],"_links":{"self":[{"href":"https:\/\/agora.xtec.cat\/ceip-canpuig\/wp-json\/wp\/v2\/posts\/11147","targetHints":{"allow":["GET"]}}],"collection":[{"href":"https:\/\/agora.xtec.cat\/ceip-canpuig\/wp-json\/wp\/v2\/posts"}],"about":[{"href":"https:\/\/agora.xtec.cat\/ceip-canpuig\/wp-json\/wp\/v2\/types\/post"}],"author":[{"embeddable":true,"href":"https:\/\/agora.xtec.cat\/ceip-canpuig\/wp-json\/wp\/v2\/users\/1"}],"replies":[{"embeddable":true,"href":"https:\/\/agora.xtec.cat\/ceip-canpuig\/wp-json\/wp\/v2\/comments?post=11147"}],"version-history":[{"count":2,"href":"https:\/\/agora.xtec.cat\/ceip-canpuig\/wp-json\/wp\/v2\/posts\/11147\/revisions"}],"predecessor-version":[{"id":11149,"href":"https:\/\/agora.xtec.cat\/ceip-canpuig\/wp-json\/wp\/v2\/posts\/11147\/revisions\/11149"}],"wp:attachment":[{"href":"https:\/\/agora.xtec.cat\/ceip-canpuig\/wp-json\/wp\/v2\/media?parent=11147"}],"wp:term":[{"taxonomy":"category","embeddable":true,"href":"https:\/\/agora.xtec.cat\/ceip-canpuig\/wp-json\/wp\/v2\/categories?post=11147"},{"taxonomy":"post_tag","embeddable":true,"href":"https:\/\/agora.xtec.cat\/ceip-canpuig\/wp-json\/wp\/v2\/tags?post=11147"}],"curies":[{"name":"wp","href":"https:\/\/api.w.org\/{rel}","templated":true}]}}