{"id":11144,"date":"2019-12-16T13:13:38","date_gmt":"2019-12-16T12:13:38","guid":{"rendered":"http:\/\/agora.xtec.cat\/ceip-canpuig\/?p=11144"},"modified":"2019-12-16T13:14:26","modified_gmt":"2019-12-16T12:14:26","slug":"la-crisi-cimatica","status":"publish","type":"post","link":"https:\/\/agora.xtec.cat\/ceip-canpuig\/portada\/la-crisi-cimatica\/","title":{"rendered":"LA CRISI CIM\u00c0TICA"},"content":{"rendered":"<p style=\"text-align: justify;\">Som els alumnes de 4tB i estem molt preocupats pel canvi clim\u00e0tic\u00a0 que esta patint el nostre planeta.\u00a0\u00a0 El clima est\u00e0 canviant molt r\u00e0pid per l\u2019escalfament global. L\u2019emissi\u00f3 de gasos va augmentant per diferents motius: per l\u2019\u00fas dels cotxes, avions, creuers, ind\u00fastries&#8230;. per\u00f2 sobretot per la crema del petroli i el carb\u00f3.<\/p>\n<p style=\"text-align: justify;\">A nosaltres ens agraden les propostes i el que fa la Greta Thunberg. Entre tots hem de canviar la nostra actitud: anar menys amb cotxe, comprar a granel, poder anar m\u00e9s amb transport p\u00fablic, comprar productes de proximitat, no utilizar tant el pl\u00e0stic, fer servir energies renovables (molins de vent, plaques solars\u2026).<\/p>\n<p>Cal que tots ens esforcem a cuidar m\u00e9s el nostre planeta!<\/p>\n<p><strong>\u00c0lex, Mart\u00ed, Maria, Amjad, Jordi J, Sebastian, Biel i Jordi G<\/strong><\/p>\n<p><img loading=\"lazy\" decoding=\"async\" class=\"aligncenter size-full wp-image-11145\" src=\"https:\/\/agora.xtec.cat\/ceip-canpuig\/wp-content\/uploads\/usu1039\/2019\/12\/unnamed.jpg\" alt=\"\" width=\"4032\" height=\"3024\" srcset=\"https:\/\/agora.xtec.cat\/ceip-canpuig\/wp-content\/uploads\/usu1039\/2019\/12\/unnamed.jpg 4032w, https:\/\/agora.xtec.cat\/ceip-canpuig\/wp-content\/uploads\/usu1039\/2019\/12\/unnamed-300x225.jpg 300w, https:\/\/agora.xtec.cat\/ceip-canpuig\/wp-content\/uploads\/usu1039\/2019\/12\/unnamed-768x576.jpg 768w, https:\/\/agora.xtec.cat\/ceip-canpuig\/wp-content\/uploads\/usu1039\/2019\/12\/unnamed-1024x768.jpg 1024w, https:\/\/agora.xtec.cat\/ceip-canpuig\/wp-content\/uploads\/usu1039\/2019\/12\/unnamed-200x150.jpg 200w\" sizes=\"auto, (max-width: 4032px) 100vw, 4032px\" \/><\/p>\n","protected":false},"excerpt":{"rendered":"<p>Som els alumnes de 4tB i estem molt preocupats pel canvi clim\u00e0tic\u00a0 que esta patint el nostre planeta.\u00a0\u00a0 El clima est\u00e0 canviant molt r\u00e0pid per l\u2019escalfament global. L\u2019emissi\u00f3 de gasos va augmentant per diferents motius: per l\u2019\u00fas dels cotxes, avions, creuers, ind\u00fastries&#8230;. per\u00f2 sobretot per&hellip;  <a href=\"https:\/\/agora.xtec.cat\/ceip-canpuig\/portada\/la-crisi-cimatica\/\" title=\"Read LA CRISI CIM\u00c0TICA\">Llegeix m\u00e9s\u00bb<\/a><\/p>\n","protected":false},"author":1,"featured_media":11145,"comment_status":"closed","ping_status":"closed","sticky":false,"template":"","format":"standard","meta":{"_bbp_topic_count":0,"_bbp_reply_count":0,"_bbp_total_topic_count":0,"_bbp_total_reply_count":0,"_bbp_voice_count":0,"_bbp_anonymous_reply_count":0,"_bbp_topic_count_hidden":0,"_bbp_reply_count_hidden":0,"_bbp_forum_subforum_count":0,"footnotes":""},"categories":[13,129,4,5],"tags":[],"class_list":["post-11144","post","type-post","status-publish","format-standard","has-post-thumbnail","hentry","category-4t","category-curs-2019-2020","category-portada","category-primaria"],"post_mailing_queue_ids":[],"_links":{"self":[{"href":"https:\/\/agora.xtec.cat\/ceip-canpuig\/wp-json\/wp\/v2\/posts\/11144","targetHints":{"allow":["GET"]}}],"collection":[{"href":"https:\/\/agora.xtec.cat\/ceip-canpuig\/wp-json\/wp\/v2\/posts"}],"about":[{"href":"https:\/\/agora.xtec.cat\/ceip-canpuig\/wp-json\/wp\/v2\/types\/post"}],"author":[{"embeddable":true,"href":"https:\/\/agora.xtec.cat\/ceip-canpuig\/wp-json\/wp\/v2\/users\/1"}],"replies":[{"embeddable":true,"href":"https:\/\/agora.xtec.cat\/ceip-canpuig\/wp-json\/wp\/v2\/comments?post=11144"}],"version-history":[{"count":1,"href":"https:\/\/agora.xtec.cat\/ceip-canpuig\/wp-json\/wp\/v2\/posts\/11144\/revisions"}],"predecessor-version":[{"id":11146,"href":"https:\/\/agora.xtec.cat\/ceip-canpuig\/wp-json\/wp\/v2\/posts\/11144\/revisions\/11146"}],"wp:featuredmedia":[{"embeddable":true,"href":"https:\/\/agora.xtec.cat\/ceip-canpuig\/wp-json\/wp\/v2\/media\/11145"}],"wp:attachment":[{"href":"https:\/\/agora.xtec.cat\/ceip-canpuig\/wp-json\/wp\/v2\/media?parent=11144"}],"wp:term":[{"taxonomy":"category","embeddable":true,"href":"https:\/\/agora.xtec.cat\/ceip-canpuig\/wp-json\/wp\/v2\/categories?post=11144"},{"taxonomy":"post_tag","embeddable":true,"href":"https:\/\/agora.xtec.cat\/ceip-canpuig\/wp-json\/wp\/v2\/tags?post=11144"}],"curies":[{"name":"wp","href":"https:\/\/api.w.org\/{rel}","templated":true}]}}