{"id":11141,"date":"2019-12-13T12:15:53","date_gmt":"2019-12-13T11:15:53","guid":{"rendered":"http:\/\/agora.xtec.cat\/ceip-canpuig\/?p=11141"},"modified":"2020-01-08T13:04:19","modified_gmt":"2020-01-08T12:04:19","slug":"sortida-al-museu-darder-2","status":"publish","type":"post","link":"https:\/\/agora.xtec.cat\/ceip-canpuig\/general\/sortida-al-museu-darder-2\/","title":{"rendered":"SORTIDA AL MUSEU DARDER"},"content":{"rendered":"<p>El dimarts 12 de novembre, els nens i nenes de tercer vam anar al Museu Darder. Vam veure la col\u2022lecci\u00f3 de mam\u00edfers d\u2019en Darder tot fent una joc de descoberta. Tamb\u00e9 vam fer f\u00f2ssils, gravant diferents petjades de mam\u00edfers sobre fang.<\/p>\n<p><iframe loading=\"lazy\" src=\"https:\/\/www.youtube.com\/embed\/jPpSphUKOAU\" width=\"560\" height=\"315\" frameborder=\"0\" allowfullscreen=\"allowfullscreen\"><\/iframe><\/p>\n","protected":false},"excerpt":{"rendered":"<p>El dimarts 12 de novembre, els nens i nenes de tercer vam anar al Museu Darder. Vam veure la col\u2022lecci\u00f3 de mam\u00edfers d\u2019en Darder tot fent una joc de descoberta. Tamb\u00e9 vam fer f\u00f2ssils, gravant diferents petjades de mam\u00edfers sobre fang.<\/p>\n","protected":false},"author":1,"featured_media":11142,"comment_status":"closed","ping_status":"closed","sticky":false,"template":"","format":"standard","meta":{"_bbp_topic_count":0,"_bbp_reply_count":0,"_bbp_total_topic_count":0,"_bbp_total_reply_count":0,"_bbp_voice_count":0,"_bbp_anonymous_reply_count":0,"_bbp_topic_count_hidden":0,"_bbp_reply_count_hidden":0,"_bbp_forum_subforum_count":0,"footnotes":""},"categories":[12,129,1,4,5],"tags":[],"class_list":["post-11141","post","type-post","status-publish","format-standard","has-post-thumbnail","hentry","category-3r","category-curs-2019-2020","category-general","category-portada","category-primaria"],"post_mailing_queue_ids":[],"_links":{"self":[{"href":"https:\/\/agora.xtec.cat\/ceip-canpuig\/wp-json\/wp\/v2\/posts\/11141","targetHints":{"allow":["GET"]}}],"collection":[{"href":"https:\/\/agora.xtec.cat\/ceip-canpuig\/wp-json\/wp\/v2\/posts"}],"about":[{"href":"https:\/\/agora.xtec.cat\/ceip-canpuig\/wp-json\/wp\/v2\/types\/post"}],"author":[{"embeddable":true,"href":"https:\/\/agora.xtec.cat\/ceip-canpuig\/wp-json\/wp\/v2\/users\/1"}],"replies":[{"embeddable":true,"href":"https:\/\/agora.xtec.cat\/ceip-canpuig\/wp-json\/wp\/v2\/comments?post=11141"}],"version-history":[{"count":2,"href":"https:\/\/agora.xtec.cat\/ceip-canpuig\/wp-json\/wp\/v2\/posts\/11141\/revisions"}],"predecessor-version":[{"id":11181,"href":"https:\/\/agora.xtec.cat\/ceip-canpuig\/wp-json\/wp\/v2\/posts\/11141\/revisions\/11181"}],"wp:featuredmedia":[{"embeddable":true,"href":"https:\/\/agora.xtec.cat\/ceip-canpuig\/wp-json\/wp\/v2\/media\/11142"}],"wp:attachment":[{"href":"https:\/\/agora.xtec.cat\/ceip-canpuig\/wp-json\/wp\/v2\/media?parent=11141"}],"wp:term":[{"taxonomy":"category","embeddable":true,"href":"https:\/\/agora.xtec.cat\/ceip-canpuig\/wp-json\/wp\/v2\/categories?post=11141"},{"taxonomy":"post_tag","embeddable":true,"href":"https:\/\/agora.xtec.cat\/ceip-canpuig\/wp-json\/wp\/v2\/tags?post=11141"}],"curies":[{"name":"wp","href":"https:\/\/api.w.org\/{rel}","templated":true}]}}