{"id":11125,"date":"2019-11-29T10:45:00","date_gmt":"2019-11-29T09:45:00","guid":{"rendered":"http:\/\/agora.xtec.cat\/ceip-canpuig\/?p=11125"},"modified":"2019-11-29T11:23:08","modified_gmt":"2019-11-29T10:23:08","slug":"taller-de-nadal","status":"publish","type":"post","link":"https:\/\/agora.xtec.cat\/ceip-canpuig\/infantil\/taller-de-nadal\/","title":{"rendered":"TALLER DE NADAL"},"content":{"rendered":"<p>Avui ha vingut a l&#8217;escola el pare de l&#8217; Ezra de P5A a explicar-nos els costums i tradicions del Nadal a Anglaterra. Ens ha portat tot d&#8217;ornaments de nadal, mitjons per a posar els regals&#8230; i a m\u00e9s hem descobert que \u00e9s un gran dibuixant! Moltes gr\u00e0cies Nick!!<\/p>\n<p>&nbsp;<\/p>\n<p><iframe loading=\"lazy\" title=\"NADAL ANGL\u00c8S\" width=\"500\" height=\"375\" src=\"https:\/\/www.youtube.com\/embed\/aSjRkfJs6xk?feature=oembed\" frameborder=\"0\" allow=\"accelerometer; autoplay; clipboard-write; encrypted-media; gyroscope; picture-in-picture; web-share\" referrerpolicy=\"strict-origin-when-cross-origin\" allowfullscreen><\/iframe><\/p>\n","protected":false},"excerpt":{"rendered":"<p>Avui ha vingut a l&#8217;escola el pare de l&#8217; Ezra de P5A a explicar-nos els costums i tradicions del Nadal a Anglaterra. Ens ha portat tot d&#8217;ornaments de nadal, mitjons per a posar els regals&#8230; i a m\u00e9s hem descobert que \u00e9s un gran dibuixant!&hellip;  <a href=\"https:\/\/agora.xtec.cat\/ceip-canpuig\/infantil\/taller-de-nadal\/\" title=\"Read TALLER DE NADAL\">Llegeix m\u00e9s\u00bb<\/a><\/p>\n","protected":false},"author":1,"featured_media":11126,"comment_status":"closed","ping_status":"closed","sticky":false,"template":"","format":"standard","meta":{"_bbp_topic_count":0,"_bbp_reply_count":0,"_bbp_total_topic_count":0,"_bbp_total_reply_count":0,"_bbp_voice_count":0,"_bbp_anonymous_reply_count":0,"_bbp_topic_count_hidden":0,"_bbp_reply_count_hidden":0,"_bbp_forum_subforum_count":0,"footnotes":""},"categories":[129,2,9,4],"tags":[],"class_list":["post-11125","post","type-post","status-publish","format-standard","has-post-thumbnail","hentry","category-curs-2019-2020","category-infantil","category-p5","category-portada"],"post_mailing_queue_ids":[],"_links":{"self":[{"href":"https:\/\/agora.xtec.cat\/ceip-canpuig\/wp-json\/wp\/v2\/posts\/11125","targetHints":{"allow":["GET"]}}],"collection":[{"href":"https:\/\/agora.xtec.cat\/ceip-canpuig\/wp-json\/wp\/v2\/posts"}],"about":[{"href":"https:\/\/agora.xtec.cat\/ceip-canpuig\/wp-json\/wp\/v2\/types\/post"}],"author":[{"embeddable":true,"href":"https:\/\/agora.xtec.cat\/ceip-canpuig\/wp-json\/wp\/v2\/users\/1"}],"replies":[{"embeddable":true,"href":"https:\/\/agora.xtec.cat\/ceip-canpuig\/wp-json\/wp\/v2\/comments?post=11125"}],"version-history":[{"count":2,"href":"https:\/\/agora.xtec.cat\/ceip-canpuig\/wp-json\/wp\/v2\/posts\/11125\/revisions"}],"predecessor-version":[{"id":11128,"href":"https:\/\/agora.xtec.cat\/ceip-canpuig\/wp-json\/wp\/v2\/posts\/11125\/revisions\/11128"}],"wp:featuredmedia":[{"embeddable":true,"href":"https:\/\/agora.xtec.cat\/ceip-canpuig\/wp-json\/wp\/v2\/media\/11126"}],"wp:attachment":[{"href":"https:\/\/agora.xtec.cat\/ceip-canpuig\/wp-json\/wp\/v2\/media?parent=11125"}],"wp:term":[{"taxonomy":"category","embeddable":true,"href":"https:\/\/agora.xtec.cat\/ceip-canpuig\/wp-json\/wp\/v2\/categories?post=11125"},{"taxonomy":"post_tag","embeddable":true,"href":"https:\/\/agora.xtec.cat\/ceip-canpuig\/wp-json\/wp\/v2\/tags?post=11125"}],"curies":[{"name":"wp","href":"https:\/\/api.w.org\/{rel}","templated":true}]}}