{"id":11121,"date":"2019-11-28T22:30:20","date_gmt":"2019-11-28T21:30:20","guid":{"rendered":"http:\/\/agora.xtec.cat\/ceip-canpuig\/?p=11121"},"modified":"2019-11-28T22:30:20","modified_gmt":"2019-11-28T21:30:20","slug":"ens-visita-en-quim-tremoleda","status":"publish","type":"post","link":"https:\/\/agora.xtec.cat\/ceip-canpuig\/portada\/ens-visita-en-quim-tremoleda\/","title":{"rendered":"Ens visita en Quim Tremoleda!"},"content":{"rendered":"<p>Els nens i nenes de segon, en relaci\u00f3 amb el projecte de la prehist\u00f2ria que estem portant a terme a l&#8217;escola, hem tingut l&#8217;honor de rebre la visita d&#8217;en Quim Tremoleda. En Quin Tremoleda \u00e9s un arque\u00f2leg molt prestigi\u00f3s nascut a Llad\u00f3. Durant aquesta tarda ens ha explicat moltes coses sobre com vivien els neol\u00edtics del Parc de la Draga i d&#8217;altres poblats propers. Tamb\u00e9 ens ha resolt molts dubtes que ten\u00edem sobre els diversos temes que estem treballant.<br \/>\nMoltes gr\u00e0cies Quim per la teva visita!<\/p>\n<p><iframe loading=\"lazy\" src=\"\/\/www.youtube.com\/embed\/4sN9hgX19Ek\" width=\"560\" height=\"314\" allowfullscreen=\"allowfullscreen\"><\/iframe><\/p>\n","protected":false},"excerpt":{"rendered":"<p>Els nens i nenes de segon, en relaci\u00f3 amb el projecte de la prehist\u00f2ria que estem portant a terme a l&#8217;escola, hem tingut l&#8217;honor de rebre la visita d&#8217;en Quim Tremoleda. En Quin Tremoleda \u00e9s un arque\u00f2leg molt prestigi\u00f3s nascut a Llad\u00f3. Durant aquesta tarda&hellip;  <a href=\"https:\/\/agora.xtec.cat\/ceip-canpuig\/portada\/ens-visita-en-quim-tremoleda\/\" title=\"Read Ens visita en Quim Tremoleda!\">Llegeix m\u00e9s\u00bb<\/a><\/p>\n","protected":false},"author":1,"featured_media":11122,"comment_status":"closed","ping_status":"closed","sticky":false,"template":"","format":"standard","meta":{"_bbp_topic_count":0,"_bbp_reply_count":0,"_bbp_total_topic_count":0,"_bbp_total_reply_count":0,"_bbp_voice_count":0,"_bbp_anonymous_reply_count":0,"_bbp_topic_count_hidden":0,"_bbp_reply_count_hidden":0,"_bbp_forum_subforum_count":0,"footnotes":""},"categories":[11,129,4,5],"tags":[],"class_list":["post-11121","post","type-post","status-publish","format-standard","has-post-thumbnail","hentry","category-2n","category-curs-2019-2020","category-portada","category-primaria"],"post_mailing_queue_ids":[],"_links":{"self":[{"href":"https:\/\/agora.xtec.cat\/ceip-canpuig\/wp-json\/wp\/v2\/posts\/11121","targetHints":{"allow":["GET"]}}],"collection":[{"href":"https:\/\/agora.xtec.cat\/ceip-canpuig\/wp-json\/wp\/v2\/posts"}],"about":[{"href":"https:\/\/agora.xtec.cat\/ceip-canpuig\/wp-json\/wp\/v2\/types\/post"}],"author":[{"embeddable":true,"href":"https:\/\/agora.xtec.cat\/ceip-canpuig\/wp-json\/wp\/v2\/users\/1"}],"replies":[{"embeddable":true,"href":"https:\/\/agora.xtec.cat\/ceip-canpuig\/wp-json\/wp\/v2\/comments?post=11121"}],"version-history":[{"count":2,"href":"https:\/\/agora.xtec.cat\/ceip-canpuig\/wp-json\/wp\/v2\/posts\/11121\/revisions"}],"predecessor-version":[{"id":11124,"href":"https:\/\/agora.xtec.cat\/ceip-canpuig\/wp-json\/wp\/v2\/posts\/11121\/revisions\/11124"}],"wp:featuredmedia":[{"embeddable":true,"href":"https:\/\/agora.xtec.cat\/ceip-canpuig\/wp-json\/wp\/v2\/media\/11122"}],"wp:attachment":[{"href":"https:\/\/agora.xtec.cat\/ceip-canpuig\/wp-json\/wp\/v2\/media?parent=11121"}],"wp:term":[{"taxonomy":"category","embeddable":true,"href":"https:\/\/agora.xtec.cat\/ceip-canpuig\/wp-json\/wp\/v2\/categories?post=11121"},{"taxonomy":"post_tag","embeddable":true,"href":"https:\/\/agora.xtec.cat\/ceip-canpuig\/wp-json\/wp\/v2\/tags?post=11121"}],"curies":[{"name":"wp","href":"https:\/\/api.w.org\/{rel}","templated":true}]}}