{"id":11106,"date":"2019-11-22T16:40:30","date_gmt":"2019-11-22T15:40:30","guid":{"rendered":"http:\/\/agora.xtec.cat\/ceip-canpuig\/?p=11106"},"modified":"2019-11-22T16:40:30","modified_gmt":"2019-11-22T15:40:30","slug":"treballem-la-comarca-del-pla-de-lestany","status":"publish","type":"post","link":"https:\/\/agora.xtec.cat\/ceip-canpuig\/portada\/treballem-la-comarca-del-pla-de-lestany\/","title":{"rendered":"TREBALLEM LA COMARCA DEL PLA DE L&#8217;ESTANY"},"content":{"rendered":"<p>Un cop feta la reflexi\u00f3 sobre &#8220;on estem situats&#8221;, els alumnes de 4t hem estudiat la comarca del Pla de l&#8217;Estany i els seus onze municipis. Dues de les excursions que hem fet, han estat la vista a les instal\u00b7lacions del Consell Comarcal, on ens va rebre el seu President en Francesc Castanyer, i una ruta per diversos municipis on vam fer preguntes als ve\u00efns i ve\u00efnes del poble. Tot i la pluja, ens ho vam passar d&#8217;all\u00f2 m\u00e9s b\u00e9!<\/p>\n<p><iframe loading=\"lazy\" src=\"https:\/\/www.youtube.com\/embed\/CNy6zSwlNrA\" width=\"560\" height=\"315\" frameborder=\"0\" allowfullscreen=\"allowfullscreen\"><\/iframe><\/p>\n","protected":false},"excerpt":{"rendered":"<p>Un cop feta la reflexi\u00f3 sobre &#8220;on estem situats&#8221;, els alumnes de 4t hem estudiat la comarca del Pla de l&#8217;Estany i els seus onze municipis. Dues de les excursions que hem fet, han estat la vista a les instal\u00b7lacions del Consell Comarcal, on ens&hellip;  <a href=\"https:\/\/agora.xtec.cat\/ceip-canpuig\/portada\/treballem-la-comarca-del-pla-de-lestany\/\" title=\"Read TREBALLEM LA COMARCA DEL PLA DE L&#8217;ESTANY\">Llegeix m\u00e9s\u00bb<\/a><\/p>\n","protected":false},"author":1,"featured_media":11107,"comment_status":"closed","ping_status":"closed","sticky":false,"template":"","format":"standard","meta":{"_bbp_topic_count":0,"_bbp_reply_count":0,"_bbp_total_topic_count":0,"_bbp_total_reply_count":0,"_bbp_voice_count":0,"_bbp_anonymous_reply_count":0,"_bbp_topic_count_hidden":0,"_bbp_reply_count_hidden":0,"_bbp_forum_subforum_count":0,"footnotes":""},"categories":[13,129,4,5],"tags":[],"class_list":["post-11106","post","type-post","status-publish","format-standard","has-post-thumbnail","hentry","category-4t","category-curs-2019-2020","category-portada","category-primaria"],"post_mailing_queue_ids":[],"_links":{"self":[{"href":"https:\/\/agora.xtec.cat\/ceip-canpuig\/wp-json\/wp\/v2\/posts\/11106","targetHints":{"allow":["GET"]}}],"collection":[{"href":"https:\/\/agora.xtec.cat\/ceip-canpuig\/wp-json\/wp\/v2\/posts"}],"about":[{"href":"https:\/\/agora.xtec.cat\/ceip-canpuig\/wp-json\/wp\/v2\/types\/post"}],"author":[{"embeddable":true,"href":"https:\/\/agora.xtec.cat\/ceip-canpuig\/wp-json\/wp\/v2\/users\/1"}],"replies":[{"embeddable":true,"href":"https:\/\/agora.xtec.cat\/ceip-canpuig\/wp-json\/wp\/v2\/comments?post=11106"}],"version-history":[{"count":1,"href":"https:\/\/agora.xtec.cat\/ceip-canpuig\/wp-json\/wp\/v2\/posts\/11106\/revisions"}],"predecessor-version":[{"id":11108,"href":"https:\/\/agora.xtec.cat\/ceip-canpuig\/wp-json\/wp\/v2\/posts\/11106\/revisions\/11108"}],"wp:featuredmedia":[{"embeddable":true,"href":"https:\/\/agora.xtec.cat\/ceip-canpuig\/wp-json\/wp\/v2\/media\/11107"}],"wp:attachment":[{"href":"https:\/\/agora.xtec.cat\/ceip-canpuig\/wp-json\/wp\/v2\/media?parent=11106"}],"wp:term":[{"taxonomy":"category","embeddable":true,"href":"https:\/\/agora.xtec.cat\/ceip-canpuig\/wp-json\/wp\/v2\/categories?post=11106"},{"taxonomy":"post_tag","embeddable":true,"href":"https:\/\/agora.xtec.cat\/ceip-canpuig\/wp-json\/wp\/v2\/tags?post=11106"}],"curies":[{"name":"wp","href":"https:\/\/api.w.org\/{rel}","templated":true}]}}